{"id":13650,"date":"2021-09-23T00:28:32","date_gmt":"2021-09-23T05:28:32","guid":{"rendered":"http:\/\/www.macquero.com\/?p=13650"},"modified":"2021-10-26T16:58:39","modified_gmt":"2021-10-26T21:58:39","slug":"estreno-jaguar","status":"publish","type":"post","link":"https:\/\/www.macquero.com\/en\/2021\/09\/estreno-jaguar\/","title":{"rendered":"Jaguar."},"content":{"rendered":"<p><strong>Puntuaci\u00f3n:<\/strong>&nbsp;&#x2b50;&#xfe0f;&#x2b50;&#xfe0f;<\/p>\n\n\n\n<p>Nuestra siguiente recomendaci\u00f3n se deja ver desde el men\u00fa de tendencias como estreno.<\/p>\n\n\n\n<h3 class=\"wp-block-heading\">Sipnosis<\/h3>\n\n\n\n<p>En los a\u00f1os 60, Espa\u00f1a albergaba a cientos de nazis refugiados tras la Segunda Guerra Mundial. Isabel Garrido (<a rel=\"noreferrer noopener\" aria-label=\"Blanca Su\u00e1rez (opens in a new tab)\" href=\"https:\/\/www.instagram.com\/blanca_suarez\" target=\"_blank\"><strong>Blanca Su\u00e1rez<\/strong><\/a>), una joven espa\u00f1ola que logr\u00f3 sobrevivir a Mauthausen, est\u00e1 tras la pista de Skorzeny, conocido como el hombre m\u00e1s peligroso de Europa.<\/p>\n\n\n\n<p>Producida por Bamb\u00fa Producciones, la serie de seis episodios se estren\u00f3 el mi\u00e9rcoles 22 de septiembre en todo el mundo y cuenta con la direcci\u00f3n de<strong>&nbsp;Carlos Sedes y Jacobo Mart\u00ednez.&nbsp;<\/strong><\/p>\n\n\n\n<p>Se trata sobre el deseo de hacer justicia. De&nbsp;reivindicar su situaci\u00f3n como v\u00edctimas de una tragedia. Pese a la tem\u00e1tica, la serie no es de g\u00e9nero hist\u00f3rico, sino m\u00e1s bien un drama de acci\u00f3n con matices tele novelescos, bajo la narrativa de&nbsp;justicia o venganza.<\/p>\n\n\n\n<p>La encontr\u00e9 interesante. Nada memorable eso s\u00ed. Tiene un cierre de temporada que seguramente dar\u00e1 apertura a una segunda entrega. <\/p>\n\n\n\n<h3 class=\"wp-block-heading\">Accesibilidad<\/h3>\n\n\n\n<p>Aunque est\u00e1 doblada al castellano (de Espa\u00f1a), nuestra sugerencia es que te apoyes con subt\u00edtulos en espa\u00f1ol. <\/p>","protected":false},"excerpt":{"rendered":"<p>Puntuaci\u00f3n:&nbsp;&#x2b50;&#xfe0f;&#x2b50;&#xfe0f; Nuestra siguiente recomendaci\u00f3n se deja ver desde el men\u00fa de tendencias como estreno. Sipnosis En los a\u00f1os 60, Espa\u00f1a albergaba a cientos de nazis refugiados tras la Segunda Guerra Mundial. Isabel Garrido (Blanca Su\u00e1rez), una joven espa\u00f1ola que logr\u00f3 sobrevivir a Mauthausen, est\u00e1 tras la pista de Skorzeny, conocido como el hombre m\u00e1s peligroso &hellip;<\/p>","protected":false},"author":2,"featured_media":13653,"comment_status":"closed","ping_status":"closed","sticky":false,"template":"","format":"standard","meta":{"jetpack_post_was_ever_published":false,"_jetpack_newsletter_access":"","_jetpack_dont_email_post_to_subs":false,"_jetpack_newsletter_tier_id":0,"_jetpack_memberships_contains_paywalled_content":false,"_jetpack_memberships_contains_paid_content":false,"footnotes":"","jetpack_publicize_message":"","jetpack_publicize_feature_enabled":true,"jetpack_social_post_already_shared":true,"jetpack_social_options":{"image_generator_settings":{"template":"highway","default_image_id":0,"font":"","enabled":false},"version":2}},"categories":[733,732],"tags":[757,303],"class_list":["post-13650","post","type-post","status-publish","format-standard","has-post-thumbnail","hentry","category-originales-de-netflix","category-series","tag-accion","tag-drama"],"jetpack_publicize_connections":[],"jetpack_featured_media_url":"https:\/\/www.macquero.com\/wp-content\/uploads\/2021\/09\/www.macquero.com-estreno-jaguar-gu.jpg","jetpack_sharing_enabled":true,"_links":{"self":[{"href":"https:\/\/www.macquero.com\/en\/wp-json\/wp\/v2\/posts\/13650","targetHints":{"allow":["GET"]}}],"collection":[{"href":"https:\/\/www.macquero.com\/en\/wp-json\/wp\/v2\/posts"}],"about":[{"href":"https:\/\/www.macquero.com\/en\/wp-json\/wp\/v2\/types\/post"}],"author":[{"embeddable":true,"href":"https:\/\/www.macquero.com\/en\/wp-json\/wp\/v2\/users\/2"}],"replies":[{"embeddable":true,"href":"https:\/\/www.macquero.com\/en\/wp-json\/wp\/v2\/comments?post=13650"}],"version-history":[{"count":6,"href":"https:\/\/www.macquero.com\/en\/wp-json\/wp\/v2\/posts\/13650\/revisions"}],"predecessor-version":[{"id":15063,"href":"https:\/\/www.macquero.com\/en\/wp-json\/wp\/v2\/posts\/13650\/revisions\/15063"}],"wp:featuredmedia":[{"embeddable":true,"href":"https:\/\/www.macquero.com\/en\/wp-json\/wp\/v2\/media\/13653"}],"wp:attachment":[{"href":"https:\/\/www.macquero.com\/en\/wp-json\/wp\/v2\/media?parent=13650"}],"wp:term":[{"taxonomy":"category","embeddable":true,"href":"https:\/\/www.macquero.com\/en\/wp-json\/wp\/v2\/categories?post=13650"},{"taxonomy":"post_tag","embeddable":true,"href":"https:\/\/www.macquero.com\/en\/wp-json\/wp\/v2\/tags?post=13650"}],"curies":[{"name":"wp","href":"https:\/\/api.w.org\/{rel}","templated":true}]}}