{"id":13572,"date":"2021-09-15T00:46:54","date_gmt":"2021-09-15T05:46:54","guid":{"rendered":"http:\/\/www.macquero.com\/?p=13572"},"modified":"2021-10-26T17:03:35","modified_gmt":"2021-10-26T22:03:35","slug":"estreno-los-alquileres-vacacionales-mas-increibles-del-mundo-the-worlds-most-amazing-vacation-rentals-temporada-2","status":"publish","type":"post","link":"https:\/\/www.macquero.com\/en\/2021\/09\/estreno-los-alquileres-vacacionales-mas-increibles-del-mundo-the-worlds-most-amazing-vacation-rentals-temporada-2\/","title":{"rendered":"Los alquileres vacacionales m\u00e1s incre\u00edbles del mundo. &#8211; The World&#8217;s Most Amazing Vacation Rentals. Temporada 2."},"content":{"rendered":"<p>Regresa la serie de los alquileres de vacaciones m\u00e1s incre\u00edbles del mundo, para una segunda temporada. <\/p>\n\n\n\n<p>Tres viajeros visitan alquileres vacacionales de ensue\u00f1o para todos los bolsillos en distintas partes del mundo. Una aventura distintiva, amena y repleta de valiosos consejos y trucos.<\/p>\n\n\n\n<p>Debo confesar que la primera temporada no estuvo a la altura de mis expectativas, sin embargo la segunda entrega promete resultados promisorios. <\/p>","protected":false},"excerpt":{"rendered":"<p>Regresa la serie de los alquileres de vacaciones m\u00e1s incre\u00edbles del mundo, para una segunda temporada. Tres viajeros visitan alquileres vacacionales de ensue\u00f1o para todos los bolsillos en distintas partes del mundo. Una aventura distintiva, amena y repleta de valiosos consejos y trucos. Debo confesar que la primera temporada no estuvo a la altura de &hellip;<\/p>","protected":false},"author":2,"featured_media":13574,"comment_status":"closed","ping_status":"closed","sticky":false,"template":"","format":"standard","meta":{"jetpack_post_was_ever_published":false,"_jetpack_newsletter_access":"","_jetpack_dont_email_post_to_subs":false,"_jetpack_newsletter_tier_id":0,"_jetpack_memberships_contains_paywalled_content":false,"_jetpack_memberships_contains_paid_content":false,"footnotes":"","jetpack_publicize_message":"","jetpack_publicize_feature_enabled":true,"jetpack_social_post_already_shared":true,"jetpack_social_options":{"image_generator_settings":{"template":"highway","default_image_id":0,"font":"","enabled":false},"version":2}},"categories":[733,818],"tags":[831,860],"class_list":["post-13572","post","type-post","status-publish","format-standard","has-post-thumbnail","hentry","category-originales-de-netflix","category-reality","tag-estilo-de-vida","tag-reality-de-tv-sobre-hogar-y-plantas"],"jetpack_publicize_connections":[],"jetpack_featured_media_url":"https:\/\/www.macquero.com\/wp-content\/uploads\/2021\/09\/www.macquero.com-estreno-los-alquileres-vacacionales-mas-increibles-del-mundo-the-worlds-most-amazing-vacation-rentals-temporada-2-ci.jpg","jetpack_sharing_enabled":true,"_links":{"self":[{"href":"https:\/\/www.macquero.com\/en\/wp-json\/wp\/v2\/posts\/13572","targetHints":{"allow":["GET"]}}],"collection":[{"href":"https:\/\/www.macquero.com\/en\/wp-json\/wp\/v2\/posts"}],"about":[{"href":"https:\/\/www.macquero.com\/en\/wp-json\/wp\/v2\/types\/post"}],"author":[{"embeddable":true,"href":"https:\/\/www.macquero.com\/en\/wp-json\/wp\/v2\/users\/2"}],"replies":[{"embeddable":true,"href":"https:\/\/www.macquero.com\/en\/wp-json\/wp\/v2\/comments?post=13572"}],"version-history":[{"count":2,"href":"https:\/\/www.macquero.com\/en\/wp-json\/wp\/v2\/posts\/13572\/revisions"}],"predecessor-version":[{"id":15067,"href":"https:\/\/www.macquero.com\/en\/wp-json\/wp\/v2\/posts\/13572\/revisions\/15067"}],"wp:featuredmedia":[{"embeddable":true,"href":"https:\/\/www.macquero.com\/en\/wp-json\/wp\/v2\/media\/13574"}],"wp:attachment":[{"href":"https:\/\/www.macquero.com\/en\/wp-json\/wp\/v2\/media?parent=13572"}],"wp:term":[{"taxonomy":"category","embeddable":true,"href":"https:\/\/www.macquero.com\/en\/wp-json\/wp\/v2\/categories?post=13572"},{"taxonomy":"post_tag","embeddable":true,"href":"https:\/\/www.macquero.com\/en\/wp-json\/wp\/v2\/tags?post=13572"}],"curies":[{"name":"wp","href":"https:\/\/api.w.org\/{rel}","templated":true}]}}