{"id":13470,"date":"2021-09-07T00:48:50","date_gmt":"2021-09-07T05:48:50","guid":{"rendered":"http:\/\/www.macquero.com\/?p=13470"},"modified":"2021-10-26T17:28:09","modified_gmt":"2021-10-26T22:28:09","slug":"estreno-los-100-the-100-temporada-final","status":"publish","type":"post","link":"https:\/\/www.macquero.com\/en\/2021\/09\/estreno-los-100-the-100-temporada-final\/","title":{"rendered":"Los 100. &#8211; The 100. Temporada final."},"content":{"rendered":"<p><strong>Puntuaci\u00f3n:<\/strong>&nbsp;&#x2b50;&#xfe0f;&#x2b50;&#xfe0f;<\/p>\n\n\n\n<p>Nuestra siguiente recomendaci\u00f3n, puede ser esa opci\u00f3n para maratonear desde este nuevo fin de semana.<\/p>\n\n\n\n<h3 class=\"wp-block-heading\">Sipnosis<\/h3>\n\n\n\n<p>Un apocalipsis nuclear destruye la vida humana en la Tierra. Los \u00fanicos supervivientes son los habitantes de las estaciones espaciales internacionales. <\/p>\n\n\n\n<p>Tres generaciones despu\u00e9s, la escasez de recursos los obliga a tomar medidas desesperadas.<\/p>\n\n\n\n<p>La ficci\u00f3n post apocal\u00edptica finalmente llega a su fin, tras siete largas  temporadas, un trago amargo seguramente para sus millones de fans en todo en mundo, con un cierre de temporada que quiz\u00e1s no satisfaga todas las expectativas. Sin embargo, no todo son malas noticias, se sabe que se desarrolla un spin-off de la serie, pero seg\u00fan la fuente, revel\u00f3 que dicho proyecto no estar\u00e1 en la lista de estrenos para este 2021.<\/p>\n\n\n\n<p>Ahora bien, si eres fan de la ciencia ficci\u00f3n y la aventura, est\u00e1 serie es para ti, cada temporada representa una nueva historia, con nuevos personajes y una narrativa que extiende un d\u00e9dalo de nuevas percepciones, sin embargo no es para todos, y la verdad resulta complejamente extenuante.<\/p>\n\n\n\n<h3 class=\"wp-block-heading\">Spin-off<\/h3>\n\n\n\n<p>Hasta el momento, se sabe que este proyecto&nbsp;estar\u00e1 ambientado 97 a\u00f1os antes de los hechos presentados en \u201cThe 100\u201d, desde el Apocalipsis nuclear que acab\u00f3 con la humanidad tal como se conoc\u00eda, y se centrar\u00e1 en un grupo que deber\u00e1 reconstruir la sociedad a partir de las cenizas. <\/p>\n\n\n\n<p>Los&nbsp;<strong>100<\/strong>&nbsp;fue cancelada en agosto de 2019, cuando se anunci\u00f3 que la serie terminar\u00eda despu\u00e9s de su episodio n\u00famero&nbsp;<strong>100<\/strong>. Qu\u00e9 iron\u00eda. <\/p>\n\n\n\n<p>Probablemente te preguntes, por qu\u00e9 lleva calificaci\u00f3n baja: pues, hay mejores series dentro del cat\u00e1logo.<\/p>","protected":false},"excerpt":{"rendered":"<p>Puntuaci\u00f3n:&nbsp;&#x2b50;&#xfe0f;&#x2b50;&#xfe0f; Nuestra siguiente recomendaci\u00f3n, puede ser esa opci\u00f3n para maratonear desde este nuevo fin de semana. Sipnosis Un apocalipsis nuclear destruye la vida humana en la Tierra. Los \u00fanicos supervivientes son los habitantes de las estaciones espaciales internacionales. Tres generaciones despu\u00e9s, la escasez de recursos los obliga a tomar medidas desesperadas. La ficci\u00f3n post apocal\u00edptica &hellip;<\/p>","protected":false},"author":2,"featured_media":13475,"comment_status":"closed","ping_status":"closed","sticky":false,"template":"","format":"standard","meta":{"jetpack_post_was_ever_published":false,"_jetpack_newsletter_access":"","_jetpack_dont_email_post_to_subs":false,"_jetpack_newsletter_tier_id":0,"_jetpack_memberships_contains_paywalled_content":false,"_jetpack_memberships_contains_paid_content":false,"footnotes":"","jetpack_publicize_message":"","jetpack_publicize_feature_enabled":true,"jetpack_social_post_already_shared":true,"jetpack_social_options":{"image_generator_settings":{"template":"highway","default_image_id":0,"font":"","enabled":false},"version":2}},"categories":[732],"tags":[682,856,779],"class_list":["post-13470","post","type-post","status-publish","format-standard","has-post-thumbnail","hentry","category-series","tag-accion-y-aventura","tag-ciencia-ficcion-y-fantasia","tag-emocionante"],"jetpack_publicize_connections":[],"jetpack_featured_media_url":"https:\/\/www.macquero.com\/wp-content\/uploads\/2021\/09\/www.macquero.com-estreno-los-100-the-100-temporada-final-ie.jpg","jetpack_sharing_enabled":true,"_links":{"self":[{"href":"https:\/\/www.macquero.com\/en\/wp-json\/wp\/v2\/posts\/13470","targetHints":{"allow":["GET"]}}],"collection":[{"href":"https:\/\/www.macquero.com\/en\/wp-json\/wp\/v2\/posts"}],"about":[{"href":"https:\/\/www.macquero.com\/en\/wp-json\/wp\/v2\/types\/post"}],"author":[{"embeddable":true,"href":"https:\/\/www.macquero.com\/en\/wp-json\/wp\/v2\/users\/2"}],"replies":[{"embeddable":true,"href":"https:\/\/www.macquero.com\/en\/wp-json\/wp\/v2\/comments?post=13470"}],"version-history":[{"count":5,"href":"https:\/\/www.macquero.com\/en\/wp-json\/wp\/v2\/posts\/13470\/revisions"}],"predecessor-version":[{"id":15087,"href":"https:\/\/www.macquero.com\/en\/wp-json\/wp\/v2\/posts\/13470\/revisions\/15087"}],"wp:featuredmedia":[{"embeddable":true,"href":"https:\/\/www.macquero.com\/en\/wp-json\/wp\/v2\/media\/13475"}],"wp:attachment":[{"href":"https:\/\/www.macquero.com\/en\/wp-json\/wp\/v2\/media?parent=13470"}],"wp:term":[{"taxonomy":"category","embeddable":true,"href":"https:\/\/www.macquero.com\/en\/wp-json\/wp\/v2\/categories?post=13470"},{"taxonomy":"post_tag","embeddable":true,"href":"https:\/\/www.macquero.com\/en\/wp-json\/wp\/v2\/tags?post=13470"}],"curies":[{"name":"wp","href":"https:\/\/api.w.org\/{rel}","templated":true}]}}