{"id":13387,"date":"2021-08-21T00:21:00","date_gmt":"2021-08-21T05:21:00","guid":{"rendered":"http:\/\/www.macquero.com\/?p=13387"},"modified":"2021-10-26T18:56:17","modified_gmt":"2021-10-26T23:56:17","slug":"estreno-los-derrotados-the-defeated","status":"publish","type":"post","link":"https:\/\/www.macquero.com\/en\/2021\/08\/estreno-los-derrotados-the-defeated\/","title":{"rendered":"Los derrotados. &#8211; The Defeated."},"content":{"rendered":"<p><strong>Puntuaci\u00f3n:<\/strong>&nbsp;&#x2b50;&#xfe0f;&#x2b50;&#xfe0f;&#x2b50;&#xfe0f;<\/p>\n\n\n\n<p>Nuestra siguiente recomendaci\u00f3n es una serie ubicada en Berl\u00edn de 1946 con una tem\u00e1tica tenebrosa desde su hilo argumental.<\/p>\n\n\n\n<h3 class=\"wp-block-heading\">Sipnosis<\/h3>\n\n\n\n<p>La serie cuenta la historia de Max McLaughlin (<strong>Taylor Kitsch<\/strong>), un polic\u00eda estadounidense que llega a Berl\u00edn en el verano de 1946 para ayudar a crear una fuerza policial tras las secuelas de la guerra.<\/p>\n\n\n\n<p>La ficci\u00f3n hist\u00f3rica The Defeated&nbsp;est\u00e1 ambientada en el&nbsp;Berl\u00edn de 1946, cuando Alemania est\u00e1 intentando sobrevivir a los fantasmas del nazismo. Densa, cruda y escabrosa. Contiene adem\u00e1s, sutiles matices de intriga. <\/p>\n\n\n\n<p>De modo coyuntural aborda la naturaleza de supervivencia de la humanidad, tratando de encontrar la paz donde todav\u00eda hay guerra,&nbsp;confianza donde no hay honor.&nbsp;<\/p>\n\n\n\n<p>La raz\u00f3n por la que no se ha hecho demasiada publicidad de este estreno posiblemente se deba a que&nbsp;no es una producci\u00f3n original de Netflix, m\u00e1s bien es un proyecto conjunto de&nbsp;Tandem Productions&nbsp;de&nbsp;Studiocanal&nbsp;y&nbsp;BRON Studios&nbsp;en coproducci\u00f3n con&nbsp;ZDF.<\/p>\n\n\n\n<p>Los ocho episodios que llegan desde el pasado 18 de agosto a la plataforma como estreno,&nbsp;se rodaron en Praga entre el 30 de abril y el 8 de septiembre de 2019. <\/p>\n\n\n\n<p>El a\u00f1o pasado deb\u00edan concretarse las grabaciones de los ocho episodios restantes, pero la pandemia hizo que el plan de rodaje saltara por los aires hasta nuevo aviso.&nbsp;<\/p>","protected":false},"excerpt":{"rendered":"<p>Puntuaci\u00f3n:&nbsp;&#x2b50;&#xfe0f;&#x2b50;&#xfe0f;&#x2b50;&#xfe0f; Nuestra siguiente recomendaci\u00f3n es una serie ubicada en Berl\u00edn de 1946 con una tem\u00e1tica tenebrosa desde su hilo argumental. Sipnosis La serie cuenta la historia de Max McLaughlin (Taylor Kitsch), un polic\u00eda estadounidense que llega a Berl\u00edn en el verano de 1946 para ayudar a crear una fuerza policial tras las secuelas de la &hellip;<\/p>","protected":false},"author":2,"featured_media":13390,"comment_status":"closed","ping_status":"closed","sticky":false,"template":"","format":"standard","meta":{"jetpack_post_was_ever_published":false,"_jetpack_newsletter_access":"","_jetpack_dont_email_post_to_subs":false,"_jetpack_newsletter_tier_id":0,"_jetpack_memberships_contains_paywalled_content":false,"_jetpack_memberships_contains_paid_content":false,"footnotes":"","jetpack_publicize_message":"","jetpack_publicize_feature_enabled":true,"jetpack_social_post_already_shared":true,"jetpack_social_options":{"image_generator_settings":{"template":"highway","default_image_id":0,"font":"","enabled":false},"version":2}},"categories":[732],"tags":[811],"class_list":["post-13387","post","type-post","status-publish","format-standard","has-post-thumbnail","hentry","category-series","tag-crudo"],"jetpack_publicize_connections":[],"jetpack_featured_media_url":"https:\/\/www.macquero.com\/wp-content\/uploads\/2021\/08\/www.macquero.com-estreno-los-derrotados-the-defeated-er.jpg","jetpack_sharing_enabled":true,"_links":{"self":[{"href":"https:\/\/www.macquero.com\/en\/wp-json\/wp\/v2\/posts\/13387","targetHints":{"allow":["GET"]}}],"collection":[{"href":"https:\/\/www.macquero.com\/en\/wp-json\/wp\/v2\/posts"}],"about":[{"href":"https:\/\/www.macquero.com\/en\/wp-json\/wp\/v2\/types\/post"}],"author":[{"embeddable":true,"href":"https:\/\/www.macquero.com\/en\/wp-json\/wp\/v2\/users\/2"}],"replies":[{"embeddable":true,"href":"https:\/\/www.macquero.com\/en\/wp-json\/wp\/v2\/comments?post=13387"}],"version-history":[{"count":3,"href":"https:\/\/www.macquero.com\/en\/wp-json\/wp\/v2\/posts\/13387\/revisions"}],"predecessor-version":[{"id":15146,"href":"https:\/\/www.macquero.com\/en\/wp-json\/wp\/v2\/posts\/13387\/revisions\/15146"}],"wp:featuredmedia":[{"embeddable":true,"href":"https:\/\/www.macquero.com\/en\/wp-json\/wp\/v2\/media\/13390"}],"wp:attachment":[{"href":"https:\/\/www.macquero.com\/en\/wp-json\/wp\/v2\/media?parent=13387"}],"wp:term":[{"taxonomy":"category","embeddable":true,"href":"https:\/\/www.macquero.com\/en\/wp-json\/wp\/v2\/categories?post=13387"},{"taxonomy":"post_tag","embeddable":true,"href":"https:\/\/www.macquero.com\/en\/wp-json\/wp\/v2\/tags?post=13387"}],"curies":[{"name":"wp","href":"https:\/\/api.w.org\/{rel}","templated":true}]}}