{"id":13291,"date":"2021-08-12T00:05:30","date_gmt":"2021-08-12T05:05:30","guid":{"rendered":"http:\/\/www.macquero.com\/?p=13291"},"modified":"2021-10-26T00:55:30","modified_gmt":"2021-10-26T05:55:30","slug":"analisis-jobs","status":"publish","type":"post","link":"https:\/\/www.macquero.com\/en\/2021\/08\/analisis-jobs\/","title":{"rendered":"Jobs."},"content":{"rendered":"<p><strong>Puntuaci\u00f3n:<\/strong>&nbsp;&#x2b50;&#xfe0f;&#x2b50;&#xfe0f;&#x2b50;&#xfe0f;&#x2b50;&#xfe0f;&#x2b50;&#xfe0f;<\/p>\n\n\n\n<p>Est\u00e1 pel\u00edcula tambi\u00e9n llega a la plataforma desde el pasado 10 de agosto, como una muy buena opci\u00f3n para disfrutar desde el men\u00fa de tendencias.<\/p>\n\n\n\n<h3 class=\"wp-block-heading\">Sipnosis<\/h3>\n\n\n\n<p>En 1976, Steve Jobs (<a href=\"https:\/\/www.instagram.com\/aplusk\" target=\"_blank\" rel=\"noreferrer noopener\" aria-label=\"Ashton Kutcher (opens in a new tab)\"><strong>Ashton Kutcher<\/strong><\/a>), que hab\u00eda dejado de estudiar, pone en marcha un nuevo proyecto junto a su colega Steve Wozniak (<a href=\"https:\/\/www.instagram.com\/joshgad\/\" target=\"_blank\" rel=\"noreferrer noopener\" aria-label=\"Josh Gad (opens in a new tab)\"><strong>Josh Gad<\/strong><\/a>). Desde el garaje de los padres de Jobs, ambos revolucionar\u00e1n el mundo con la invenci\u00f3n de la computadora <strong>Apple<\/strong>.<\/p>\n\n\n\n<p><strong>Comencemos con la parte negativa,<\/strong> la cr\u00edtica del sector especializado la dilapid\u00f3 con la siguiente cita: &#8220;Inspirada s\u00ed, en eventos reales, -algunos personajes-, caracterizaciones, incidentes, localizaciones y di\u00e1logos son ficticios o inventados con el objetivo de dramatizarlos&#8221;.<\/p>\n\n\n\n<p>Est\u00e1 bien, no es una pel\u00edcula para todos, dicho esto: tambi\u00e9n recorre un camino sinuoso y lleno de obst\u00e1culos. Fundamentada en la cronolog\u00eda de Jobs sobre c\u00f3mo la gente -deber\u00eda interactuar con la tecnolog\u00eda.<\/p>\n\n\n\n<p>En la d\u00e9cada de los 70\u00b4s, el uso del computador estaba limitado a escenarios industriales y estrictamente comerciales, hasta que \u00e9l y su equipo introdujeron <strong>Apple II en 1977<\/strong> un modelo destinado al consumidor del hogar. <\/p>\n\n\n\n<h3 class=\"wp-block-heading\">Tiene un lado interesante e innegable.<\/h3>\n\n\n\n<p>Una de las cosas que encuentro personalmente interesante en est\u00e1 pel\u00edcula, es el mensaje de tenacidad, impl\u00edcito en cada l\u00ednea del gui\u00f3n. -Jobs alent\u00f3 a todos con los que trabaj\u00f3 a <strong>\u201cpensar diferente\u201d. <\/strong><\/p>\n\n\n\n<p><strong>En contexto:<\/strong> \u00c9l se refer\u00eda a los emprendedores, se refer\u00eda a ti.<\/p>","protected":false},"excerpt":{"rendered":"<p>Puntuaci\u00f3n:&nbsp;&#x2b50;&#xfe0f;&#x2b50;&#xfe0f;&#x2b50;&#xfe0f;&#x2b50;&#xfe0f;&#x2b50;&#xfe0f; Est\u00e1 pel\u00edcula tambi\u00e9n llega a la plataforma desde el pasado 10 de agosto, como una muy buena opci\u00f3n para disfrutar desde el men\u00fa de tendencias. Sipnosis En 1976, Steve Jobs (Ashton Kutcher), que hab\u00eda dejado de estudiar, pone en marcha un nuevo proyecto junto a su colega Steve Wozniak (Josh Gad). Desde el garaje &hellip;<\/p>","protected":false},"author":2,"featured_media":13295,"comment_status":"closed","ping_status":"closed","sticky":false,"template":"","format":"standard","meta":{"jetpack_post_was_ever_published":false,"_jetpack_newsletter_access":"","_jetpack_dont_email_post_to_subs":false,"_jetpack_newsletter_tier_id":0,"_jetpack_memberships_contains_paywalled_content":false,"_jetpack_memberships_contains_paid_content":false,"footnotes":"","jetpack_publicize_message":"","jetpack_publicize_feature_enabled":true,"jetpack_social_post_already_shared":true,"jetpack_social_options":{"image_generator_settings":{"template":"highway","default_image_id":0,"font":"","enabled":false},"version":2}},"categories":[1019],"tags":[857,783],"class_list":["post-13291","post","type-post","status-publish","format-standard","has-post-thumbnail","hentry","category-analisis-y-opinion","tag-complejo","tag-drama-biografico"],"jetpack_publicize_connections":[],"jetpack_featured_media_url":"https:\/\/www.macquero.com\/wp-content\/uploads\/2021\/08\/www.macquero.com-analisis-jobs-jo.jpg","jetpack_sharing_enabled":true,"_links":{"self":[{"href":"https:\/\/www.macquero.com\/en\/wp-json\/wp\/v2\/posts\/13291","targetHints":{"allow":["GET"]}}],"collection":[{"href":"https:\/\/www.macquero.com\/en\/wp-json\/wp\/v2\/posts"}],"about":[{"href":"https:\/\/www.macquero.com\/en\/wp-json\/wp\/v2\/types\/post"}],"author":[{"embeddable":true,"href":"https:\/\/www.macquero.com\/en\/wp-json\/wp\/v2\/users\/2"}],"replies":[{"embeddable":true,"href":"https:\/\/www.macquero.com\/en\/wp-json\/wp\/v2\/comments?post=13291"}],"version-history":[{"count":7,"href":"https:\/\/www.macquero.com\/en\/wp-json\/wp\/v2\/posts\/13291\/revisions"}],"predecessor-version":[{"id":14903,"href":"https:\/\/www.macquero.com\/en\/wp-json\/wp\/v2\/posts\/13291\/revisions\/14903"}],"wp:featuredmedia":[{"embeddable":true,"href":"https:\/\/www.macquero.com\/en\/wp-json\/wp\/v2\/media\/13295"}],"wp:attachment":[{"href":"https:\/\/www.macquero.com\/en\/wp-json\/wp\/v2\/media?parent=13291"}],"wp:term":[{"taxonomy":"category","embeddable":true,"href":"https:\/\/www.macquero.com\/en\/wp-json\/wp\/v2\/categories?post=13291"},{"taxonomy":"post_tag","embeddable":true,"href":"https:\/\/www.macquero.com\/en\/wp-json\/wp\/v2\/tags?post=13291"}],"curies":[{"name":"wp","href":"https:\/\/api.w.org\/{rel}","templated":true}]}}