{"id":13256,"date":"2021-08-05T00:41:24","date_gmt":"2021-08-05T05:41:24","guid":{"rendered":"http:\/\/www.macquero.com\/?p=13256"},"modified":"2021-10-26T19:05:17","modified_gmt":"2021-10-27T00:05:17","slug":"estreno-control-z-temporada-2","status":"publish","type":"post","link":"https:\/\/www.macquero.com\/en\/2021\/08\/estreno-control-z-temporada-2\/","title":{"rendered":"Control Z. Temporada 2."},"content":{"rendered":"<p><strong>Puntuaci\u00f3n:<\/strong>&nbsp;&#x2b50;&#xfe0f;&#x2b50;&#xfe0f;&#x2b50;&#xfe0f;&#x2b50;&#xfe0f;&#x2b50;&#xfe0f;<\/p>\n\n\n\n<p>Ayer se estren\u00f3 en la plataforma el esperado estreno de la segunda temporada de est\u00e1 entretenida serie de producci\u00f3n mexicana.<\/p>\n\n\n\n<p><strong>Ser\u00e9 honesto:<\/strong> Me gust\u00f3 much\u00edsimo m\u00e1s, que su predecesora, especialmente por la sucesi\u00f3n de nuevos elementos vinculantes con su primera temporada. <\/p>\n\n\n\n<p>Una segunda entrega llena de nuevas aventuras y misterios que pondr\u00e1n a prueba toda tu determinaci\u00f3n, para conocer qui\u00e9n est\u00e1 detr\u00e1s de cada uno de los ataques. <\/p>\n\n\n\n<p>Tengo qu\u00e9 confesar qu\u00e9 no me esperaba ese final de temporada, literal me dej\u00f3 sin palabras. <\/p>\n\n\n\n<p>Esperamos con ansias que se consolide una tercera entrega. <\/p>","protected":false},"excerpt":{"rendered":"<p>Puntuaci\u00f3n:&nbsp;&#x2b50;&#xfe0f;&#x2b50;&#xfe0f;&#x2b50;&#xfe0f;&#x2b50;&#xfe0f;&#x2b50;&#xfe0f; Ayer se estren\u00f3 en la plataforma el esperado estreno de la segunda temporada de est\u00e1 entretenida serie de producci\u00f3n mexicana. Ser\u00e9 honesto: Me gust\u00f3 much\u00edsimo m\u00e1s, que su predecesora, especialmente por la sucesi\u00f3n de nuevos elementos vinculantes con su primera temporada. Una segunda entrega llena de nuevas aventuras y misterios que pondr\u00e1n a prueba &hellip;<\/p>","protected":false},"author":2,"featured_media":13259,"comment_status":"closed","ping_status":"closed","sticky":false,"template":"","format":"standard","meta":{"jetpack_post_was_ever_published":false,"_jetpack_newsletter_access":"","_jetpack_dont_email_post_to_subs":false,"_jetpack_newsletter_tier_id":0,"_jetpack_memberships_contains_paywalled_content":false,"_jetpack_memberships_contains_paid_content":false,"footnotes":"","jetpack_publicize_message":"","jetpack_publicize_feature_enabled":true,"jetpack_social_post_already_shared":true,"jetpack_social_options":{"image_generator_settings":{"template":"highway","default_image_id":0,"font":"","enabled":false},"version":2}},"categories":[733,732],"tags":[801,500],"class_list":["post-13256","post","type-post","status-publish","format-standard","has-post-thumbnail","hentry","category-originales-de-netflix","category-series","tag-drama-juvenil","tag-misterio"],"jetpack_publicize_connections":[],"jetpack_featured_media_url":"https:\/\/www.macquero.com\/wp-content\/uploads\/2021\/08\/www.macquero.com-estreno-control-z-temporada-2-tr.jpg","jetpack_sharing_enabled":true,"_links":{"self":[{"href":"https:\/\/www.macquero.com\/en\/wp-json\/wp\/v2\/posts\/13256","targetHints":{"allow":["GET"]}}],"collection":[{"href":"https:\/\/www.macquero.com\/en\/wp-json\/wp\/v2\/posts"}],"about":[{"href":"https:\/\/www.macquero.com\/en\/wp-json\/wp\/v2\/types\/post"}],"author":[{"embeddable":true,"href":"https:\/\/www.macquero.com\/en\/wp-json\/wp\/v2\/users\/2"}],"replies":[{"embeddable":true,"href":"https:\/\/www.macquero.com\/en\/wp-json\/wp\/v2\/comments?post=13256"}],"version-history":[{"count":3,"href":"https:\/\/www.macquero.com\/en\/wp-json\/wp\/v2\/posts\/13256\/revisions"}],"predecessor-version":[{"id":15154,"href":"https:\/\/www.macquero.com\/en\/wp-json\/wp\/v2\/posts\/13256\/revisions\/15154"}],"wp:featuredmedia":[{"embeddable":true,"href":"https:\/\/www.macquero.com\/en\/wp-json\/wp\/v2\/media\/13259"}],"wp:attachment":[{"href":"https:\/\/www.macquero.com\/en\/wp-json\/wp\/v2\/media?parent=13256"}],"wp:term":[{"taxonomy":"category","embeddable":true,"href":"https:\/\/www.macquero.com\/en\/wp-json\/wp\/v2\/categories?post=13256"},{"taxonomy":"post_tag","embeddable":true,"href":"https:\/\/www.macquero.com\/en\/wp-json\/wp\/v2\/tags?post=13256"}],"curies":[{"name":"wp","href":"https:\/\/api.w.org\/{rel}","templated":true}]}}