{"id":13199,"date":"2021-07-28T00:50:21","date_gmt":"2021-07-28T05:50:21","guid":{"rendered":"http:\/\/www.macquero.com\/?p=13199"},"modified":"2021-10-27T03:15:12","modified_gmt":"2021-10-27T08:15:12","slug":"la-increible-historia-de-la-isla-de-las-rosas","status":"publish","type":"post","link":"https:\/\/www.macquero.com\/en\/2021\/07\/la-increible-historia-de-la-isla-de-las-rosas\/","title":{"rendered":"La incre\u00edble historia de la isla de las Rosas."},"content":{"rendered":"<p><strong>Puntuaci\u00f3n:&nbsp;<\/strong>&#x2b50;&#xfe0f;&#x2b50;&#xfe0f;&#x2b50;&#xfe0f;<\/p>\n\n\n\n<p>No soy fan del cine europeo, pero est\u00e1 pel\u00edcula basada en hechos reales, s\u00ed qu\u00e9 vale la pena disfrutar.<\/p>\n\n\n\n<h3 class=\"wp-block-heading\">Sipnosis<\/h3>\n\n\n\n<p>La verdadera historia de Giorgio Rosa (<a href=\"https:\/\/www.instagram.com\/eliiogermano\" target=\"_blank\" rel=\"noreferrer noopener\" aria-label=\"Elio Germano (opens in a new tab)\"><strong>Elio Germano<\/strong><\/a>) y la peque\u00f1a naci\u00f3n que fund\u00f3 en 1968 frente a la costa de Rimini, encarnando los sue\u00f1os y aspiraciones de una generaci\u00f3n.<\/p>\n\n\n\n<p>Hay algunas historias que, al leerlas, no puedes evitar pensar que deber\u00edan convertirse en una pel\u00edcula, y est\u00e9 es el caso de: <strong>La Rep\u00fablica de la Isla de las Rosas,<\/strong> fundada en mayo de 1968 cerca de la costa de R\u00edmini y hundida unos meses despu\u00e9s, en febrero de 1969.&nbsp;<\/p>\n\n\n\n<p>Una pel\u00edcula bien ejecutada, con un apartado fotogr\u00e1fico brillante que reconstruye aquellos a\u00f1os 60\u00b4s, repletos de tonalidades pastel y melod\u00edas de anta\u00f1o.., -nos relata una historia cierta, pero, con matices alegres y hasta divertidos.<\/p>\n\n\n\n<p>Disponible en su idioma original (italiano), est\u00e1 perfectamente bien doblada y subtitulada de -ingl\u00e9s a espa\u00f1ol, en caso de qu\u00e9 prefieras disfrutarla en otro idioma. <\/p>\n\n\n\n<p>Mi excusa para verla, es por la actriz (<a rel=\"noreferrer noopener\" aria-label=\"Matilda De Angelis (opens in a new tab)\" href=\"https:\/\/www.instagram.com\/matildadeangelis\" target=\"_blank\"><strong>Matilda De Angelis<\/strong><\/a>) que interpreta el papel de Gabriella.<\/p>","protected":false},"excerpt":{"rendered":"<p>Puntuaci\u00f3n:&nbsp;&#x2b50;&#xfe0f;&#x2b50;&#xfe0f;&#x2b50;&#xfe0f; No soy fan del cine europeo, pero est\u00e1 pel\u00edcula basada en hechos reales, s\u00ed qu\u00e9 vale la pena disfrutar. Sipnosis La verdadera historia de Giorgio Rosa (Elio Germano) y la peque\u00f1a naci\u00f3n que fund\u00f3 en 1968 frente a la costa de Rimini, encarnando los sue\u00f1os y aspiraciones de una generaci\u00f3n. Hay algunas historias que, &hellip;<\/p>","protected":false},"author":2,"featured_media":13201,"comment_status":"closed","ping_status":"closed","sticky":false,"template":"","format":"standard","meta":{"jetpack_post_was_ever_published":false,"_jetpack_newsletter_access":"","_jetpack_dont_email_post_to_subs":false,"_jetpack_newsletter_tier_id":0,"_jetpack_memberships_contains_paywalled_content":false,"_jetpack_memberships_contains_paid_content":false,"footnotes":"","jetpack_publicize_message":"","jetpack_publicize_feature_enabled":true,"jetpack_social_post_already_shared":true,"jetpack_social_options":{"image_generator_settings":{"template":"highway","default_image_id":0,"font":"","enabled":false},"version":2}},"categories":[766],"tags":[815],"class_list":["post-13199","post","type-post","status-publish","format-standard","has-post-thumbnail","hentry","category-cine-netflix","tag-excentrico"],"jetpack_publicize_connections":[],"jetpack_featured_media_url":"https:\/\/www.macquero.com\/wp-content\/uploads\/2021\/07\/www.macquero.com-sa.jpg","jetpack_sharing_enabled":true,"_links":{"self":[{"href":"https:\/\/www.macquero.com\/en\/wp-json\/wp\/v2\/posts\/13199","targetHints":{"allow":["GET"]}}],"collection":[{"href":"https:\/\/www.macquero.com\/en\/wp-json\/wp\/v2\/posts"}],"about":[{"href":"https:\/\/www.macquero.com\/en\/wp-json\/wp\/v2\/types\/post"}],"author":[{"embeddable":true,"href":"https:\/\/www.macquero.com\/en\/wp-json\/wp\/v2\/users\/2"}],"replies":[{"embeddable":true,"href":"https:\/\/www.macquero.com\/en\/wp-json\/wp\/v2\/comments?post=13199"}],"version-history":[{"count":5,"href":"https:\/\/www.macquero.com\/en\/wp-json\/wp\/v2\/posts\/13199\/revisions"}],"predecessor-version":[{"id":15427,"href":"https:\/\/www.macquero.com\/en\/wp-json\/wp\/v2\/posts\/13199\/revisions\/15427"}],"wp:featuredmedia":[{"embeddable":true,"href":"https:\/\/www.macquero.com\/en\/wp-json\/wp\/v2\/media\/13201"}],"wp:attachment":[{"href":"https:\/\/www.macquero.com\/en\/wp-json\/wp\/v2\/media?parent=13199"}],"wp:term":[{"taxonomy":"category","embeddable":true,"href":"https:\/\/www.macquero.com\/en\/wp-json\/wp\/v2\/categories?post=13199"},{"taxonomy":"post_tag","embeddable":true,"href":"https:\/\/www.macquero.com\/en\/wp-json\/wp\/v2\/tags?post=13199"}],"curies":[{"name":"wp","href":"https:\/\/api.w.org\/{rel}","templated":true}]}}