{"id":13129,"date":"2021-07-17T00:53:25","date_gmt":"2021-07-17T05:53:25","guid":{"rendered":"http:\/\/www.macquero.com\/?p=13129"},"modified":"2021-10-25T23:33:26","modified_gmt":"2021-10-26T04:33:26","slug":"estreno-yo-nunca-temporada-2","status":"publish","type":"post","link":"https:\/\/www.macquero.com\/en\/2021\/07\/estreno-yo-nunca-temporada-2\/","title":{"rendered":"Yo nunca. Temporada 2."},"content":{"rendered":"<p><strong>Puntuaci\u00f3n:<\/strong>&nbsp;&#x2b50;&#xfe0f;&#x2b50;&#xfe0f;&#x2b50;&#xfe0f;&#x2b50;&#xfe0f;&#x2b50;&#xfe0f;<br><\/p>\n\n\n\n<p>Ayer se estren\u00f3 la segunda temporada de est\u00e1 simp\u00e1tica serie.<\/p>\n\n\n\n<h3 class=\"wp-block-heading\">Sipnosis<\/h3>\n\n\n\n<p>Despu\u00e9s de vivir un a\u00f1o traum\u00e1tico, Devi, una adolescente india-estadounidense, quiere mejorar su popularidad en la escuela, pero los amigos, la familia y los sentimientos no se lo pondr\u00e1n f\u00e1cil.<\/p>\n\n\n\n<p>Si echas de menos la desastrosa vida de Devi (<a rel=\"noreferrer noopener\" aria-label=\"Maitreyi Ramakrishnan (opens in a new tab)\" href=\"https:\/\/www.instagram.com\/maitreyiramakrishnan\" target=\"_blank\"><strong>Maitreyi Ramakrishnan<\/strong><\/a>) est\u00e1s de suerte porque la serie regresa a partir del 16 de julio en Netflix. Destinada desde luego para un p\u00fablico joven, tiene momentos llenos de ingenio, y enredos divertidos. <\/p>","protected":false},"excerpt":{"rendered":"<p>Puntuaci\u00f3n:&nbsp;&#x2b50;&#xfe0f;&#x2b50;&#xfe0f;&#x2b50;&#xfe0f;&#x2b50;&#xfe0f;&#x2b50;&#xfe0f; Ayer se estren\u00f3 la segunda temporada de est\u00e1 simp\u00e1tica serie. Sipnosis Despu\u00e9s de vivir un a\u00f1o traum\u00e1tico, Devi, una adolescente india-estadounidense, quiere mejorar su popularidad en la escuela, pero los amigos, la familia y los sentimientos no se lo pondr\u00e1n f\u00e1cil. Si echas de menos la desastrosa vida de Devi (Maitreyi Ramakrishnan) est\u00e1s de &hellip;<\/p>","protected":false},"author":2,"featured_media":13131,"comment_status":"closed","ping_status":"closed","sticky":false,"template":"","format":"standard","meta":{"jetpack_post_was_ever_published":false,"_jetpack_newsletter_access":"","_jetpack_dont_email_post_to_subs":false,"_jetpack_newsletter_tier_id":0,"_jetpack_memberships_contains_paywalled_content":false,"_jetpack_memberships_contains_paid_content":false,"footnotes":"","jetpack_publicize_message":"","jetpack_publicize_feature_enabled":true,"jetpack_social_post_already_shared":true,"jetpack_social_options":{"image_generator_settings":{"template":"highway","default_image_id":0,"font":"","enabled":false},"version":2}},"categories":[733,732],"tags":[683,815],"class_list":["post-13129","post","type-post","status-publish","format-standard","has-post-thumbnail","hentry","category-originales-de-netflix","category-series","tag-comedia","tag-excentrico"],"jetpack_publicize_connections":[],"jetpack_featured_media_url":"https:\/\/www.macquero.com\/wp-content\/uploads\/2021\/07\/www.macquero.com-estreno-yo-nunca-temporada-2-un.jpg","jetpack_sharing_enabled":true,"_links":{"self":[{"href":"https:\/\/www.macquero.com\/en\/wp-json\/wp\/v2\/posts\/13129","targetHints":{"allow":["GET"]}}],"collection":[{"href":"https:\/\/www.macquero.com\/en\/wp-json\/wp\/v2\/posts"}],"about":[{"href":"https:\/\/www.macquero.com\/en\/wp-json\/wp\/v2\/types\/post"}],"author":[{"embeddable":true,"href":"https:\/\/www.macquero.com\/en\/wp-json\/wp\/v2\/users\/2"}],"replies":[{"embeddable":true,"href":"https:\/\/www.macquero.com\/en\/wp-json\/wp\/v2\/comments?post=13129"}],"version-history":[{"count":2,"href":"https:\/\/www.macquero.com\/en\/wp-json\/wp\/v2\/posts\/13129\/revisions"}],"predecessor-version":[{"id":14843,"href":"https:\/\/www.macquero.com\/en\/wp-json\/wp\/v2\/posts\/13129\/revisions\/14843"}],"wp:featuredmedia":[{"embeddable":true,"href":"https:\/\/www.macquero.com\/en\/wp-json\/wp\/v2\/media\/13131"}],"wp:attachment":[{"href":"https:\/\/www.macquero.com\/en\/wp-json\/wp\/v2\/media?parent=13129"}],"wp:term":[{"taxonomy":"category","embeddable":true,"href":"https:\/\/www.macquero.com\/en\/wp-json\/wp\/v2\/categories?post=13129"},{"taxonomy":"post_tag","embeddable":true,"href":"https:\/\/www.macquero.com\/en\/wp-json\/wp\/v2\/tags?post=13129"}],"curies":[{"name":"wp","href":"https:\/\/api.w.org\/{rel}","templated":true}]}}