{"id":13082,"date":"2021-07-12T18:11:07","date_gmt":"2021-07-12T23:11:07","guid":{"rendered":"http:\/\/www.macquero.com\/?p=13082"},"modified":"2021-07-12T18:13:53","modified_gmt":"2021-07-12T23:13:53","slug":"virgin-river-temporada-4-ya-renovo-la-serie-para-otra-temporada","status":"publish","type":"post","link":"https:\/\/www.macquero.com\/en\/2021\/07\/virgin-river-temporada-4-ya-renovo-la-serie-para-otra-temporada\/","title":{"rendered":"Virgin River. Temporada 4. \u00bfYa renov\u00f3 la serie para otra temporada?"},"content":{"rendered":"<p>La fuente detr\u00e1s de las primeras renovaciones informan seg\u00fan <a rel=\"noreferrer noopener\" aria-label=\"ProductionWeekly (opens in a new tab)\" href=\"https:\/\/www.productionweekly.com\/production-weekly-issue-1249-thursday-june-3-2021-124-listings-28-pages\/\" target=\"_blank\"><strong>ProductionWeekly<\/strong><\/a>&nbsp;que la temporada 4 ya estar\u00eda en lista para producci\u00f3n.<\/p>\n\n\n\n<p>De acuerdo con la lista del cronograma programado, <strong>Virgin River Temporada 4<\/strong> deber\u00eda iniciar la filmaci\u00f3n para finales de julio de 2021 hasta finales de noviembre (del 28 de julio al 30 de noviembre para ser m\u00e1s exactos). Esto podr\u00eda ajustarse y cambiar con el tiempo, ya que los programas en producci\u00f3n nunca est\u00e1n escritos en piedra, especialmente durante estos tiempos inciertos.<\/p>\n\n\n\n<h3 class=\"wp-block-heading\">\u00bfCu\u00e1ndo se estrenar\u00e1?<\/h3>\n\n\n\n<p>Ser\u00e9 honesto: Es un poco pronto para predecir cu\u00e1ndo veremos la temporada 4 de <strong>Virgin River,<\/strong> pero dada la r\u00e1pida renovaci\u00f3n de cada una de sus anteriores temporadas y el calendario de filmaci\u00f3n, podr\u00edamos verla a mediados de 2022, pero eso es solo una mera suposici\u00f3n.<\/p>\n\n\n\n<p>Es necesario un cierre para comprender con exactitud qu\u00e9 ocurri\u00f3 con Mel. (<strong>Alexandra Breckenridge<\/strong>). La manera en c\u00f3mo cerr\u00f3 la temporada 3 me dej\u00f3 completamente fr\u00edo. <\/p>","protected":false},"excerpt":{"rendered":"<p>La fuente detr\u00e1s de las primeras renovaciones informan seg\u00fan ProductionWeekly&nbsp;que la temporada 4 ya estar\u00eda en lista para producci\u00f3n. De acuerdo con la lista del cronograma programado, Virgin River Temporada 4 deber\u00eda iniciar la filmaci\u00f3n para finales de julio de 2021 hasta finales de noviembre (del 28 de julio al 30 de noviembre para ser &hellip;<\/p>","protected":false},"author":2,"featured_media":13086,"comment_status":"closed","ping_status":"closed","sticky":false,"template":"","format":"standard","meta":{"jetpack_post_was_ever_published":false,"_jetpack_newsletter_access":"","_jetpack_dont_email_post_to_subs":false,"_jetpack_newsletter_tier_id":0,"_jetpack_memberships_contains_paywalled_content":false,"_jetpack_memberships_contains_paid_content":false,"footnotes":"","jetpack_publicize_message":"","jetpack_publicize_feature_enabled":true,"jetpack_social_post_already_shared":true,"jetpack_social_options":{"image_generator_settings":{"template":"highway","default_image_id":0,"font":"","enabled":false},"version":2}},"categories":[696],"tags":[964],"class_list":["post-13082","post","type-post","status-publish","format-standard","has-post-thumbnail","hentry","category-netflix","tag-avances"],"jetpack_publicize_connections":[],"jetpack_featured_media_url":"https:\/\/www.macquero.com\/wp-content\/uploads\/2021\/07\/www.macquero.com-virgin-river-temporada-4-ya-renovo-la-serie-para-otra-temporada-er.jpg","jetpack_sharing_enabled":true,"_links":{"self":[{"href":"https:\/\/www.macquero.com\/en\/wp-json\/wp\/v2\/posts\/13082","targetHints":{"allow":["GET"]}}],"collection":[{"href":"https:\/\/www.macquero.com\/en\/wp-json\/wp\/v2\/posts"}],"about":[{"href":"https:\/\/www.macquero.com\/en\/wp-json\/wp\/v2\/types\/post"}],"author":[{"embeddable":true,"href":"https:\/\/www.macquero.com\/en\/wp-json\/wp\/v2\/users\/2"}],"replies":[{"embeddable":true,"href":"https:\/\/www.macquero.com\/en\/wp-json\/wp\/v2\/comments?post=13082"}],"version-history":[{"count":4,"href":"https:\/\/www.macquero.com\/en\/wp-json\/wp\/v2\/posts\/13082\/revisions"}],"predecessor-version":[{"id":13088,"href":"https:\/\/www.macquero.com\/en\/wp-json\/wp\/v2\/posts\/13082\/revisions\/13088"}],"wp:featuredmedia":[{"embeddable":true,"href":"https:\/\/www.macquero.com\/en\/wp-json\/wp\/v2\/media\/13086"}],"wp:attachment":[{"href":"https:\/\/www.macquero.com\/en\/wp-json\/wp\/v2\/media?parent=13082"}],"wp:term":[{"taxonomy":"category","embeddable":true,"href":"https:\/\/www.macquero.com\/en\/wp-json\/wp\/v2\/categories?post=13082"},{"taxonomy":"post_tag","embeddable":true,"href":"https:\/\/www.macquero.com\/en\/wp-json\/wp\/v2\/tags?post=13082"}],"curies":[{"name":"wp","href":"https:\/\/api.w.org\/{rel}","templated":true}]}}