{"id":13060,"date":"2021-07-10T05:14:37","date_gmt":"2021-07-10T10:14:37","guid":{"rendered":"http:\/\/www.macquero.com\/?p=13060"},"modified":"2021-10-25T21:03:20","modified_gmt":"2021-10-26T02:03:20","slug":"estreno-la-calle-del-terror-parte-2-1978","status":"publish","type":"post","link":"https:\/\/www.macquero.com\/en\/2021\/07\/estreno-la-calle-del-terror-parte-2-1978\/","title":{"rendered":"La calle del terror, (Parte 2) 1978."},"content":{"rendered":"<p><strong>Puntuaci\u00f3n:<\/strong>&nbsp;&#x2b50;&#xfe0f;&#x2b50;&#xfe0f; &#8211; Slasher suave. <\/p>\n\n\n\n<p>Ayer tambi\u00e9n se estren\u00f3 la segunda pel\u00edcula de una historia compuesta en 3 \u00e9pocas diferentes. La&nbsp;narrativa&nbsp;de&nbsp;La calle del Terror 1978&nbsp;comienza en el mismo punto donde termina su predecesora. <\/p>\n\n\n\n<p>La cr\u00edtica del sector especializado la encontr\u00f3 &#8220;como un slasher a toda regla&#8221;.  Es decir, cuenta con muy buena reputaci\u00f3n. \u00bfQui\u00e9n los entiende?<\/p>\n\n\n\n<p>En nuestra opini\u00f3n supone un recorrido sugestivo a trav\u00e9s del g\u00e9nero que la caracteriza, -para la d\u00e9cada de los a\u00f1os  80\u00b4s-, nos transporta con nostalgia al g\u00e9nero de terror de aquellos tiempos con Viernes 13,&nbsp;sin embargo aunque est\u00e1 funci\u00f3n posee su propia identidad, cuenta su historia con ritmos calculados llenos de tensi\u00f3n para el cine de John&nbsp;Carpenter d\u00f3nde rara vez, ve\u00edamos algo de sangre.&nbsp;(Risas). <\/p>\n\n\n\n<blockquote class=\"wp-block-quote is-layout-flow wp-block-quote-is-layout-flow\"><p>Si me preguntas a m\u00ed, me parece que la primera parte estuvo mejor qu\u00e9 est\u00e1. <\/p><\/blockquote>\n\n\n\n<p>No me mal interpretes, la encontr\u00e9 suave para m\u00ed gusto. Pero, se puede ver.<\/p>\n\n\n\n<p>Por supuesto, la recomendaci\u00f3n es qu\u00e9 la veas de noche.<\/p>","protected":false},"excerpt":{"rendered":"<p>Puntuaci\u00f3n:&nbsp;&#x2b50;&#xfe0f;&#x2b50;&#xfe0f; &#8211; Slasher suave. Ayer tambi\u00e9n se estren\u00f3 la segunda pel\u00edcula de una historia compuesta en 3 \u00e9pocas diferentes. La&nbsp;narrativa&nbsp;de&nbsp;La calle del Terror 1978&nbsp;comienza en el mismo punto donde termina su predecesora. La cr\u00edtica del sector especializado la encontr\u00f3 &#8220;como un slasher a toda regla&#8221;. Es decir, cuenta con muy buena reputaci\u00f3n. \u00bfQui\u00e9n los entiende? &hellip;<\/p>","protected":false},"author":2,"featured_media":13064,"comment_status":"closed","ping_status":"closed","sticky":false,"template":"","format":"standard","meta":{"jetpack_post_was_ever_published":false,"_jetpack_newsletter_access":"","_jetpack_dont_email_post_to_subs":false,"_jetpack_newsletter_tier_id":0,"_jetpack_memberships_contains_paywalled_content":false,"_jetpack_memberships_contains_paid_content":false,"footnotes":"","jetpack_publicize_message":"","jetpack_publicize_feature_enabled":true,"jetpack_social_post_already_shared":true,"jetpack_social_options":{"image_generator_settings":{"template":"highway","default_image_id":0,"font":"","enabled":false},"version":2}},"categories":[733,766],"tags":[953],"class_list":["post-13060","post","type-post","status-publish","format-standard","has-post-thumbnail","hentry","category-originales-de-netflix","category-cine-netflix","tag-terror-adolescente"],"jetpack_publicize_connections":[],"jetpack_featured_media_url":"https:\/\/www.macquero.com\/wp-content\/uploads\/2021\/07\/www.macquero.com-estreno-la-calle-del-terror-parte-2-1978-or.jpg","jetpack_sharing_enabled":true,"_links":{"self":[{"href":"https:\/\/www.macquero.com\/en\/wp-json\/wp\/v2\/posts\/13060","targetHints":{"allow":["GET"]}}],"collection":[{"href":"https:\/\/www.macquero.com\/en\/wp-json\/wp\/v2\/posts"}],"about":[{"href":"https:\/\/www.macquero.com\/en\/wp-json\/wp\/v2\/types\/post"}],"author":[{"embeddable":true,"href":"https:\/\/www.macquero.com\/en\/wp-json\/wp\/v2\/users\/2"}],"replies":[{"embeddable":true,"href":"https:\/\/www.macquero.com\/en\/wp-json\/wp\/v2\/comments?post=13060"}],"version-history":[{"count":7,"href":"https:\/\/www.macquero.com\/en\/wp-json\/wp\/v2\/posts\/13060\/revisions"}],"predecessor-version":[{"id":14733,"href":"https:\/\/www.macquero.com\/en\/wp-json\/wp\/v2\/posts\/13060\/revisions\/14733"}],"wp:featuredmedia":[{"embeddable":true,"href":"https:\/\/www.macquero.com\/en\/wp-json\/wp\/v2\/media\/13064"}],"wp:attachment":[{"href":"https:\/\/www.macquero.com\/en\/wp-json\/wp\/v2\/media?parent=13060"}],"wp:term":[{"taxonomy":"category","embeddable":true,"href":"https:\/\/www.macquero.com\/en\/wp-json\/wp\/v2\/categories?post=13060"},{"taxonomy":"post_tag","embeddable":true,"href":"https:\/\/www.macquero.com\/en\/wp-json\/wp\/v2\/tags?post=13060"}],"curies":[{"name":"wp","href":"https:\/\/api.w.org\/{rel}","templated":true}]}}