{"id":12869,"date":"2021-06-17T09:17:07","date_gmt":"2021-06-17T14:17:07","guid":{"rendered":"http:\/\/www.macquero.com\/?p=12869"},"modified":"2021-10-26T23:55:19","modified_gmt":"2021-10-27T04:55:19","slug":"omg-omg-omg-estreno-black-summer-temporada-2","status":"publish","type":"post","link":"https:\/\/www.macquero.com\/en\/2021\/06\/omg-omg-omg-estreno-black-summer-temporada-2\/","title":{"rendered":"OMG!, OMG!, OMG! Black Summer. Temporada 2."},"content":{"rendered":"<p>Puntuaci\u00f3n: &#x2b50;&#x2b50;&#x2b50;&#x2b50;<\/p>\n\n\n\n<p>Recordemos que la primera temporada narraba la uni\u00f3n de varios desconocidos en pleno Apocalipsis, quienes de una manera u otra deb\u00edan aliarse en la b\u00fasqueda de sus seres queridos. <\/p>\n\n\n\n<p>Entre estos se encontraba&nbsp;Rose (<a rel=\"noreferrer noopener\" aria-label=\"Jaime King (opens in a new tab)\" href=\"https:\/\/www.instagram.com\/jaime_king\" target=\"_blank\"><strong>Jaime King<\/strong><\/a>), una madre en la b\u00fasqueda de su hija Anna (<a rel=\"noreferrer noopener\" aria-label=\"Zoe Marlett (opens in a new tab)\" href=\"https:\/\/www.instagram.com\/zoe_marlett\/\" target=\"_blank\"><strong>Zoe Marlett<\/strong><\/a>). <strong>Juntas<\/strong> <strong>deber\u00e1n sobrevivir en la segunda temporada<\/strong>.&nbsp;<\/p>\n\n\n\n<h3 class=\"wp-block-heading\">Sipnosis<\/h3>\n\n\n\n<p>Llega el invierno al Apocalipsis zombie, donde milicias violentas luchan contra muertos vivientes y gente desesperada. <\/p>\n\n\n\n<p><strong>\u00bfQu\u00e9 te puedo decir?<\/strong> Si no te mata la mordida de un zombie, las escenas fren\u00e9ticas, llenas de tensi\u00f3n y adrenalina, posiblemente te causen un paro card\u00edaco. El primer episodio es <strong>sorprendentemente bueno<\/strong>. <\/p>\n\n\n\n<blockquote class=\"wp-block-quote is-layout-flow wp-block-quote-is-layout-flow\"><p>Es curioso, muy poca gente conoce est\u00e1 serie, cr\u00e9anme es excelente.<\/p><\/blockquote>\n\n\n\n<p>Aunque esta temporada sorprende de muchas maneras, me gust\u00f3 m\u00e1s su predecesora. Est\u00e1 m\u00e1s que claro, qu\u00e9 con est\u00e9 cierre, seguramente veamos una tercera entrega. <strong>Toquemos madera<\/strong>. <\/p>\n\n\n\n<p>Si nunca la has visto, quiz\u00e1s convenga mirar nuestra nota editorial acerca de la <a href=\"\/en\/2020\/02\/analisis-black-summer-que-miedooooo-buenisima\/\" target=\"_blank\" rel=\"noreferrer noopener\" aria-label=\"primera temporada (opens in a new tab)\"><strong>primera temporada<\/strong><\/a>.<\/p>","protected":false},"excerpt":{"rendered":"<p>Puntuaci\u00f3n: &#x2b50;&#x2b50;&#x2b50;&#x2b50; Recordemos que la primera temporada narraba la uni\u00f3n de varios desconocidos en pleno Apocalipsis, quienes de una manera u otra deb\u00edan aliarse en la b\u00fasqueda de sus seres queridos. Entre estos se encontraba&nbsp;Rose (Jaime King), una madre en la b\u00fasqueda de su hija Anna (Zoe Marlett). Juntas deber\u00e1n sobrevivir en la segunda temporada.&nbsp; &hellip;<\/p>","protected":false},"author":2,"featured_media":12872,"comment_status":"closed","ping_status":"closed","sticky":false,"template":"","format":"standard","meta":{"jetpack_post_was_ever_published":false,"_jetpack_newsletter_access":"","_jetpack_dont_email_post_to_subs":false,"_jetpack_newsletter_tier_id":0,"_jetpack_memberships_contains_paywalled_content":false,"_jetpack_memberships_contains_paid_content":false,"footnotes":"","jetpack_publicize_message":"","jetpack_publicize_feature_enabled":true,"jetpack_social_post_already_shared":true,"jetpack_social_options":{"image_generator_settings":{"template":"highway","default_image_id":0,"font":"","enabled":false},"version":2}},"categories":[733,732],"tags":[811,889,829],"class_list":["post-12869","post","type-post","status-publish","format-standard","has-post-thumbnail","hentry","category-originales-de-netflix","category-series","tag-crudo","tag-thriller-de-accion","tag-violento"],"jetpack_publicize_connections":[],"jetpack_featured_media_url":"https:\/\/www.macquero.com\/wp-content\/uploads\/2021\/06\/www.macquero.com-omg-omg-omg-estreno-black-summer-temporada-2-ck.jpg","jetpack_sharing_enabled":true,"_links":{"self":[{"href":"https:\/\/www.macquero.com\/en\/wp-json\/wp\/v2\/posts\/12869","targetHints":{"allow":["GET"]}}],"collection":[{"href":"https:\/\/www.macquero.com\/en\/wp-json\/wp\/v2\/posts"}],"about":[{"href":"https:\/\/www.macquero.com\/en\/wp-json\/wp\/v2\/types\/post"}],"author":[{"embeddable":true,"href":"https:\/\/www.macquero.com\/en\/wp-json\/wp\/v2\/users\/2"}],"replies":[{"embeddable":true,"href":"https:\/\/www.macquero.com\/en\/wp-json\/wp\/v2\/comments?post=12869"}],"version-history":[{"count":2,"href":"https:\/\/www.macquero.com\/en\/wp-json\/wp\/v2\/posts\/12869\/revisions"}],"predecessor-version":[{"id":15273,"href":"https:\/\/www.macquero.com\/en\/wp-json\/wp\/v2\/posts\/12869\/revisions\/15273"}],"wp:featuredmedia":[{"embeddable":true,"href":"https:\/\/www.macquero.com\/en\/wp-json\/wp\/v2\/media\/12872"}],"wp:attachment":[{"href":"https:\/\/www.macquero.com\/en\/wp-json\/wp\/v2\/media?parent=12869"}],"wp:term":[{"taxonomy":"category","embeddable":true,"href":"https:\/\/www.macquero.com\/en\/wp-json\/wp\/v2\/categories?post=12869"},{"taxonomy":"post_tag","embeddable":true,"href":"https:\/\/www.macquero.com\/en\/wp-json\/wp\/v2\/tags?post=12869"}],"curies":[{"name":"wp","href":"https:\/\/api.w.org\/{rel}","templated":true}]}}