{"id":12851,"date":"2021-06-15T00:16:26","date_gmt":"2021-06-15T05:16:26","guid":{"rendered":"http:\/\/www.macquero.com\/?p=12851"},"modified":"2021-10-27T00:19:10","modified_gmt":"2021-10-27T05:19:10","slug":"estreno-elite-historias-breves-guzman-caye-rebe","status":"publish","type":"post","link":"https:\/\/www.macquero.com\/en\/2021\/06\/estreno-elite-historias-breves-guzman-caye-rebe\/","title":{"rendered":"\u00c9lite: historias breves. Guzm\u00e1n, Caye &#038; Rebe."},"content":{"rendered":"<p>Puntuaci\u00f3n: &#x2b50;&#x2b50;&#x2b50;&#x2b50;<\/p>\n\n\n\n<p>Ayer se estren\u00f3 en la plataforma una de las cuatro mini series de tan solo 3 <strong>brev\u00edsimos<\/strong> episodios. -Cr\u00f3nicas segmentadas de la serie de televisi\u00f3n \u00c9lite. <\/p>\n\n\n\n<h3 class=\"wp-block-heading\">Sipnosis <\/h3>\n\n\n\n<p>La serie est\u00e1 formada por cuatro historias de tres episodios cada una, y ser\u00e1n estrenados del 14 al 17 de junio de 2021.<\/p>\n\n\n\n<p>La vimos, para saber qu\u00e9 esperar de ella. Est\u00e9 in\u00e9dito formato de 3 episodios en cada relato, ambiciona llenar el vac\u00edo entre -el final de la temporada 3 lleno de cliffhangers y la muy esperada nueva temporada. <\/p>\n\n\n\n<blockquote class=\"wp-block-quote is-layout-flow wp-block-quote-is-layout-flow\"><p><strong>La temporada 4<\/strong> seg\u00fan ya se hab\u00eda anunciado, reemplazar\u00e1 a gran parte del reparto principal con nuevos personajes. <\/p><\/blockquote>\n\n\n\n<p>Es probable -que estas historias cortas- ofrezcan a los seguidores una sensaci\u00f3n de cierre muy necesaria en algunas historias. <\/p>","protected":false},"excerpt":{"rendered":"<p>Puntuaci\u00f3n: &#x2b50;&#x2b50;&#x2b50;&#x2b50; Ayer se estren\u00f3 en la plataforma una de las cuatro mini series de tan solo 3 brev\u00edsimos episodios. -Cr\u00f3nicas segmentadas de la serie de televisi\u00f3n \u00c9lite. Sipnosis La serie est\u00e1 formada por cuatro historias de tres episodios cada una, y ser\u00e1n estrenados del 14 al 17 de junio de 2021. La vimos, para &hellip;<\/p>","protected":false},"author":2,"featured_media":12855,"comment_status":"closed","ping_status":"closed","sticky":false,"template":"","format":"standard","meta":{"jetpack_post_was_ever_published":false,"_jetpack_newsletter_access":"","_jetpack_dont_email_post_to_subs":false,"_jetpack_newsletter_tier_id":0,"_jetpack_memberships_contains_paywalled_content":false,"_jetpack_memberships_contains_paid_content":false,"footnotes":"","jetpack_publicize_message":"","jetpack_publicize_feature_enabled":true,"jetpack_social_post_already_shared":true,"jetpack_social_options":{"image_generator_settings":{"template":"highway","default_image_id":0,"font":"","enabled":false},"version":2}},"categories":[733,732],"tags":[801],"class_list":["post-12851","post","type-post","status-publish","format-standard","has-post-thumbnail","hentry","category-originales-de-netflix","category-series","tag-drama-juvenil"],"jetpack_publicize_connections":[],"jetpack_featured_media_url":"https:\/\/www.macquero.com\/wp-content\/uploads\/2021\/06\/www.macquero.com-estreno-elite-historias-breves-guzman-caye-rebe-te.jpg","jetpack_sharing_enabled":true,"_links":{"self":[{"href":"https:\/\/www.macquero.com\/en\/wp-json\/wp\/v2\/posts\/12851","targetHints":{"allow":["GET"]}}],"collection":[{"href":"https:\/\/www.macquero.com\/en\/wp-json\/wp\/v2\/posts"}],"about":[{"href":"https:\/\/www.macquero.com\/en\/wp-json\/wp\/v2\/types\/post"}],"author":[{"embeddable":true,"href":"https:\/\/www.macquero.com\/en\/wp-json\/wp\/v2\/users\/2"}],"replies":[{"embeddable":true,"href":"https:\/\/www.macquero.com\/en\/wp-json\/wp\/v2\/comments?post=12851"}],"version-history":[{"count":5,"href":"https:\/\/www.macquero.com\/en\/wp-json\/wp\/v2\/posts\/12851\/revisions"}],"predecessor-version":[{"id":15294,"href":"https:\/\/www.macquero.com\/en\/wp-json\/wp\/v2\/posts\/12851\/revisions\/15294"}],"wp:featuredmedia":[{"embeddable":true,"href":"https:\/\/www.macquero.com\/en\/wp-json\/wp\/v2\/media\/12855"}],"wp:attachment":[{"href":"https:\/\/www.macquero.com\/en\/wp-json\/wp\/v2\/media?parent=12851"}],"wp:term":[{"taxonomy":"category","embeddable":true,"href":"https:\/\/www.macquero.com\/en\/wp-json\/wp\/v2\/categories?post=12851"},{"taxonomy":"post_tag","embeddable":true,"href":"https:\/\/www.macquero.com\/en\/wp-json\/wp\/v2\/tags?post=12851"}],"curies":[{"name":"wp","href":"https:\/\/api.w.org\/{rel}","templated":true}]}}