{"id":12712,"date":"2021-05-28T06:42:51","date_gmt":"2021-05-28T11:42:51","guid":{"rendered":"http:\/\/www.macquero.com\/?p=12712"},"modified":"2021-05-28T06:55:31","modified_gmt":"2021-05-28T11:55:31","slug":"anuncio-cobra-kai-temporada-4","status":"publish","type":"post","link":"https:\/\/www.macquero.com\/en\/2021\/05\/anuncio-cobra-kai-temporada-4\/","title":{"rendered":"Anuncio: Cobra Kai &#8211; Temporada 4."},"content":{"rendered":"<p>Un nuevo teaser de algunos segundos, ya se deja ver en la cuenta oficial de YouTube para Netflix. La aparici\u00f3n de &lt;Terry Silver&gt; (personaje de ficci\u00f3n) en la cuarta temporada de Cobra Kai interpretado por el actor y productor <strong>Thomas Ian Griffith<\/strong>. <\/p>\n\n\n\n<figure class=\"wp-block-embed-youtube wp-block-embed is-type-video is-provider-youtube wp-embed-aspect-16-9 wp-has-aspect-ratio\"><div class=\"wp-block-embed__wrapper\">\n<span class=\"embed-youtube\" style=\"text-align:center; display: block;\"><iframe loading=\"lazy\" class=\"youtube-player\" width=\"640\" height=\"360\" src=\"https:\/\/www.youtube.com\/embed\/Jx3Q69jFeZo?version=3&#038;rel=1&#038;showsearch=0&#038;showinfo=1&#038;iv_load_policy=1&#038;fs=1&#038;hl=en-US&#038;autohide=2&#038;wmode=transparent\" allowfullscreen=\"true\" style=\"border:0;\" sandbox=\"allow-scripts allow-same-origin allow-popups allow-presentation allow-popups-to-escape-sandbox\"><\/iframe><\/span>\n<\/div><figcaption><strong>Teaser<\/strong><\/figcaption><\/figure>\n\n\n\n<p>El rodaje de la cuarta temporada de &#8216;Cobra Kai&#8217;&nbsp;ya ha concluido, y por lo que sabemos hasta ahora es que&nbsp;se estrenar\u00e1 en 2021. <\/p>\n\n\n\n<blockquote class=\"wp-block-quote is-layout-flow wp-block-quote-is-layout-flow\"><p>Todos esperamos con grandes expectativas est\u00e1 nueva entrega, sobre todo aquellos que vimos nacer las tres primeras pel\u00edculas con sus actores principales. <\/p><\/blockquote>\n\n\n\n<h3 class=\"wp-block-heading\">Como nota adicional<\/h3>\n\n\n\n<p>El actor que interpret\u00f3 a <strong>Terry Silver<\/strong> llevaba desde el a\u00f1o 2007 sin aparecer en pel\u00edculas o series de televisi\u00f3n. Quince a\u00f1os de ausencia delante de las c\u00e1maras donde el actor ha decidido poner fin para darle vida a -un personaje- que marc\u00f3 un antes y un despu\u00e9s en la franquicia. <\/p>\n\n\n\n<p>El actor ha comentado lo siguiente y lo cit\u00f3: &#8220;Nunca imagin\u00e9 volver a interpretar este personaje, es una gran oportunidad para cerrar el c\u00edrculo de Terry Silver. Cu\u00e1ndo dicen que Cobra Kai nunca muere, lo dicen en serio&#8221;.<\/p>","protected":false},"excerpt":{"rendered":"<p>Un nuevo teaser de algunos segundos, ya se deja ver en la cuenta oficial de YouTube para Netflix. La aparici\u00f3n de &lt;Terry Silver&gt; (personaje de ficci\u00f3n) en la cuarta temporada de Cobra Kai interpretado por el actor y productor Thomas Ian Griffith. Teaser El rodaje de la cuarta temporada de &#8216;Cobra Kai&#8217;&nbsp;ya ha concluido, y &hellip;<\/p>","protected":false},"author":2,"featured_media":12714,"comment_status":"closed","ping_status":"closed","sticky":false,"template":"","format":"standard","meta":{"jetpack_post_was_ever_published":false,"_jetpack_newsletter_access":"","_jetpack_dont_email_post_to_subs":false,"_jetpack_newsletter_tier_id":0,"_jetpack_memberships_contains_paywalled_content":false,"_jetpack_memberships_contains_paid_content":false,"footnotes":"","jetpack_publicize_message":"","jetpack_publicize_feature_enabled":true,"jetpack_social_post_already_shared":true,"jetpack_social_options":{"image_generator_settings":{"template":"highway","default_image_id":0,"font":"","enabled":false},"version":2}},"categories":[696,732,879],"tags":[286],"class_list":["post-12712","post","type-post","status-publish","format-standard","has-post-thumbnail","hentry","category-netflix","category-series","category-notas-con-spoiler","tag-novedades"],"jetpack_publicize_connections":[],"jetpack_featured_media_url":"https:\/\/www.macquero.com\/wp-content\/uploads\/2021\/05\/www.macquero.com-anuncio-cobra-kai-temporada-4-ai.jpg","jetpack_sharing_enabled":true,"_links":{"self":[{"href":"https:\/\/www.macquero.com\/en\/wp-json\/wp\/v2\/posts\/12712","targetHints":{"allow":["GET"]}}],"collection":[{"href":"https:\/\/www.macquero.com\/en\/wp-json\/wp\/v2\/posts"}],"about":[{"href":"https:\/\/www.macquero.com\/en\/wp-json\/wp\/v2\/types\/post"}],"author":[{"embeddable":true,"href":"https:\/\/www.macquero.com\/en\/wp-json\/wp\/v2\/users\/2"}],"replies":[{"embeddable":true,"href":"https:\/\/www.macquero.com\/en\/wp-json\/wp\/v2\/comments?post=12712"}],"version-history":[{"count":2,"href":"https:\/\/www.macquero.com\/en\/wp-json\/wp\/v2\/posts\/12712\/revisions"}],"predecessor-version":[{"id":12716,"href":"https:\/\/www.macquero.com\/en\/wp-json\/wp\/v2\/posts\/12712\/revisions\/12716"}],"wp:featuredmedia":[{"embeddable":true,"href":"https:\/\/www.macquero.com\/en\/wp-json\/wp\/v2\/media\/12714"}],"wp:attachment":[{"href":"https:\/\/www.macquero.com\/en\/wp-json\/wp\/v2\/media?parent=12712"}],"wp:term":[{"taxonomy":"category","embeddable":true,"href":"https:\/\/www.macquero.com\/en\/wp-json\/wp\/v2\/categories?post=12712"},{"taxonomy":"post_tag","embeddable":true,"href":"https:\/\/www.macquero.com\/en\/wp-json\/wp\/v2\/tags?post=12712"}],"curies":[{"name":"wp","href":"https:\/\/api.w.org\/{rel}","templated":true}]}}