{"id":12694,"date":"2021-05-27T08:11:21","date_gmt":"2021-05-27T13:11:21","guid":{"rendered":"http:\/\/www.macquero.com\/?p=12694"},"modified":"2021-12-02T06:07:38","modified_gmt":"2021-12-02T12:07:38","slug":"estreno-ragnarok-temporada-2","status":"publish","type":"post","link":"https:\/\/www.macquero.com\/en\/2021\/05\/estreno-ragnarok-temporada-2\/","title":{"rendered":"Ragnar\u00f6k. Temporada 2."},"content":{"rendered":"<p>Puntuaci\u00f3n: &#x2b50;&#x2b50;&#x2b50;&#x2b50;<\/p>\n\n\n\n<p>Hoy llega la esperada segunda temporada de Ragnar\u00f6k. <\/p>\n\n\n\n<blockquote class=\"wp-block-quote is-layout-flow wp-block-quote-is-layout-flow\"><p>La serie danesa que renueva de manera l\u00fadica la mitolog\u00eda n\u00f3rdica. <\/p><\/blockquote>\n\n\n\n<p>La <a href=\"\/en\/2020\/02\/opinion-ragnarok-buenisima\/\" target=\"_blank\" rel=\"noreferrer noopener\" aria-label=\"primera (opens in a new tab)\"><strong>primera<\/strong><\/a> temporada comenz\u00f3 cuando un adolescente se muda con su familia a un peque\u00f1o pueblo en las monta\u00f1as, donde termina descubriendo que todas sus dificultades para adaptarse est\u00e1n conectadas con el hecho de que es una especie de <strong>reencarnaci\u00f3n del legendario Dios del Trueno,<\/strong> y que tiene una misi\u00f3n por cumplir.&nbsp;<\/p>\n\n\n\n<h3 class=\"wp-block-heading\">Temporada 2.<\/h3>\n\n\n\n<p>La serie nos muestra como reencarna Thor, pero tambi\u00e9n hace gran \u00e9nfasis en la vida de &#8220;Loki&#8221; -su transformaci\u00f3n-, y las peculiaridades notables de su personalidad distintiva, desde un punto de vista bastante divergente.<\/p>\n\n\n\n<p>Con est\u00e9 cierre de temporada, todo apunta a una tercera entrega.<\/p>\n\n\n\n<p>\u00a1Ah! C\u00f3mo dato adicional. La gente de <strong>M83 &#8211; Outro,<\/strong> (banda sonora de <a rel=\"noreferrer noopener\" aria-label=\"Versailles (opens in a new tab)\" href=\"\/en\/2021\/05\/versailles\/\" target=\"_blank\"><strong>Versailles<\/strong><\/a>), tambi\u00e9n forma parte de la producci\u00f3n en un momento lleno de epicidad. <\/p>","protected":false},"excerpt":{"rendered":"<p>Puntuaci\u00f3n: &#x2b50;&#x2b50;&#x2b50;&#x2b50; Hoy llega la esperada segunda temporada de Ragnar\u00f6k. La serie danesa que renueva de manera l\u00fadica la mitolog\u00eda n\u00f3rdica. La primera temporada comenz\u00f3 cuando un adolescente se muda con su familia a un peque\u00f1o pueblo en las monta\u00f1as, donde termina descubriendo que todas sus dificultades para adaptarse est\u00e1n conectadas con el hecho de &hellip;<\/p>","protected":false},"author":2,"featured_media":12699,"comment_status":"closed","ping_status":"closed","sticky":false,"template":"","format":"standard","meta":{"jetpack_post_was_ever_published":false,"_jetpack_newsletter_access":"","_jetpack_dont_email_post_to_subs":false,"_jetpack_newsletter_tier_id":0,"_jetpack_memberships_contains_paywalled_content":false,"_jetpack_memberships_contains_paid_content":false,"footnotes":"","jetpack_publicize_message":"","jetpack_publicize_feature_enabled":true,"jetpack_social_post_already_shared":true,"jetpack_social_options":{"image_generator_settings":{"template":"highway","default_image_id":0,"font":"","enabled":false},"version":2}},"categories":[733,732,879],"tags":[856,801],"class_list":["post-12694","post","type-post","status-publish","format-standard","has-post-thumbnail","hentry","category-originales-de-netflix","category-series","category-notas-con-spoiler","tag-ciencia-ficcion-y-fantasia","tag-drama-juvenil"],"jetpack_publicize_connections":[],"jetpack_featured_media_url":"https:\/\/www.macquero.com\/wp-content\/uploads\/2021\/05\/www.macquero.com-estreno-ragnarok-ga.jpg","jetpack_sharing_enabled":true,"_links":{"self":[{"href":"https:\/\/www.macquero.com\/en\/wp-json\/wp\/v2\/posts\/12694","targetHints":{"allow":["GET"]}}],"collection":[{"href":"https:\/\/www.macquero.com\/en\/wp-json\/wp\/v2\/posts"}],"about":[{"href":"https:\/\/www.macquero.com\/en\/wp-json\/wp\/v2\/types\/post"}],"author":[{"embeddable":true,"href":"https:\/\/www.macquero.com\/en\/wp-json\/wp\/v2\/users\/2"}],"replies":[{"embeddable":true,"href":"https:\/\/www.macquero.com\/en\/wp-json\/wp\/v2\/comments?post=12694"}],"version-history":[{"count":6,"href":"https:\/\/www.macquero.com\/en\/wp-json\/wp\/v2\/posts\/12694\/revisions"}],"predecessor-version":[{"id":15314,"href":"https:\/\/www.macquero.com\/en\/wp-json\/wp\/v2\/posts\/12694\/revisions\/15314"}],"wp:featuredmedia":[{"embeddable":true,"href":"https:\/\/www.macquero.com\/en\/wp-json\/wp\/v2\/media\/12699"}],"wp:attachment":[{"href":"https:\/\/www.macquero.com\/en\/wp-json\/wp\/v2\/media?parent=12694"}],"wp:term":[{"taxonomy":"category","embeddable":true,"href":"https:\/\/www.macquero.com\/en\/wp-json\/wp\/v2\/categories?post=12694"},{"taxonomy":"post_tag","embeddable":true,"href":"https:\/\/www.macquero.com\/en\/wp-json\/wp\/v2\/tags?post=12694"}],"curies":[{"name":"wp","href":"https:\/\/api.w.org\/{rel}","templated":true}]}}