{"id":12631,"date":"2021-05-20T00:09:04","date_gmt":"2021-05-20T05:09:04","guid":{"rendered":"http:\/\/www.macquero.com\/?p=12631"},"modified":"2021-10-27T00:42:51","modified_gmt":"2021-10-27T05:42:51","slug":"estreno-quien-mato-a-sara-temporada-2","status":"publish","type":"post","link":"https:\/\/www.macquero.com\/en\/2021\/05\/estreno-quien-mato-a-sara-temporada-2\/","title":{"rendered":"\u00bfQui\u00e9n mat\u00f3 a Sara? Temporada 2."},"content":{"rendered":"<p>Puntuaci\u00f3n: &#x2b50;&#x2b50;&#x2b50;&#x2b50;<\/p>\n\n\n\n<p>Ayer se estren\u00f3 la segunda parte, de \u00bfQui\u00e9n mat\u00f3 a Sara? y est\u00e1s son nuestras impresiones.<\/p>\n\n\n\n<p>De cara al episodio final, la segunda entrega, nos deja nuevamente con varias preguntas, que necesitan esclarecerse en la pr\u00f3xima temporada, aunque por el momento,&nbsp;Netflix no ha confirmado nada al respecto.<\/p>\n\n\n\n<p>Es dif\u00edcil saber lo que podemos esperar de una nueva temporada, porqu\u00e9 la respuesta de qui\u00e9n mat\u00f3 a Sara, finalmente se da en est\u00e1 entrega. Lo qu\u00e9 est\u00e1 en juego, son los motivos. (Lo qu\u00e9 justificar\u00eda una temporada de cierre definitivo). <\/p>\n\n\n\n<blockquote class=\"wp-block-quote is-layout-flow wp-block-quote-is-layout-flow\"><p>Tocar\u00e1 esperar. <\/p><\/blockquote>\n\n\n\n<p>Lo qu\u00e9 s\u00ed, es importante destacar: es que la l\u00ednea de suspenso adquiere una curva inesperada, qu\u00e9 afecta varios matices de las distintas historias (tanto para bien c\u00f3mo para mal), ya, qu\u00e9 hay aspectos inconsecuentes dentro de su narrativa. &lt;Pero, bueno es un detalle&gt;. <\/p>","protected":false},"excerpt":{"rendered":"<p>Puntuaci\u00f3n: &#x2b50;&#x2b50;&#x2b50;&#x2b50; Ayer se estren\u00f3 la segunda parte, de \u00bfQui\u00e9n mat\u00f3 a Sara? y est\u00e1s son nuestras impresiones. De cara al episodio final, la segunda entrega, nos deja nuevamente con varias preguntas, que necesitan esclarecerse en la pr\u00f3xima temporada, aunque por el momento,&nbsp;Netflix no ha confirmado nada al respecto. Es dif\u00edcil saber lo que podemos &hellip;<\/p>","protected":false},"author":2,"featured_media":12634,"comment_status":"closed","ping_status":"closed","sticky":false,"template":"","format":"standard","meta":{"jetpack_post_was_ever_published":false,"_jetpack_newsletter_access":"","_jetpack_dont_email_post_to_subs":false,"_jetpack_newsletter_tier_id":0,"_jetpack_memberships_contains_paywalled_content":false,"_jetpack_memberships_contains_paid_content":false,"footnotes":"","jetpack_publicize_message":"","jetpack_publicize_feature_enabled":true,"jetpack_social_post_already_shared":true,"jetpack_social_options":{"image_generator_settings":{"template":"highway","default_image_id":0,"font":"","enabled":false},"version":2}},"categories":[1019,733,732],"tags":[750,432,832],"class_list":["post-12631","post","type-post","status-publish","format-standard","has-post-thumbnail","hentry","category-analisis-y-opinion","category-originales-de-netflix","category-series","tag-inquietante","tag-suspenso","tag-thriller-psicologico"],"jetpack_publicize_connections":[],"jetpack_featured_media_url":"https:\/\/www.macquero.com\/wp-content\/uploads\/2021\/05\/www.macquero.com-estreno-quien-mato-a-sara-temporada-2-sa.jpg","jetpack_sharing_enabled":true,"_links":{"self":[{"href":"https:\/\/www.macquero.com\/en\/wp-json\/wp\/v2\/posts\/12631","targetHints":{"allow":["GET"]}}],"collection":[{"href":"https:\/\/www.macquero.com\/en\/wp-json\/wp\/v2\/posts"}],"about":[{"href":"https:\/\/www.macquero.com\/en\/wp-json\/wp\/v2\/types\/post"}],"author":[{"embeddable":true,"href":"https:\/\/www.macquero.com\/en\/wp-json\/wp\/v2\/users\/2"}],"replies":[{"embeddable":true,"href":"https:\/\/www.macquero.com\/en\/wp-json\/wp\/v2\/comments?post=12631"}],"version-history":[{"count":5,"href":"https:\/\/www.macquero.com\/en\/wp-json\/wp\/v2\/posts\/12631\/revisions"}],"predecessor-version":[{"id":15318,"href":"https:\/\/www.macquero.com\/en\/wp-json\/wp\/v2\/posts\/12631\/revisions\/15318"}],"wp:featuredmedia":[{"embeddable":true,"href":"https:\/\/www.macquero.com\/en\/wp-json\/wp\/v2\/media\/12634"}],"wp:attachment":[{"href":"https:\/\/www.macquero.com\/en\/wp-json\/wp\/v2\/media?parent=12631"}],"wp:term":[{"taxonomy":"category","embeddable":true,"href":"https:\/\/www.macquero.com\/en\/wp-json\/wp\/v2\/categories?post=12631"},{"taxonomy":"post_tag","embeddable":true,"href":"https:\/\/www.macquero.com\/en\/wp-json\/wp\/v2\/tags?post=12631"}],"curies":[{"name":"wp","href":"https:\/\/api.w.org\/{rel}","templated":true}]}}