{"id":12606,"date":"2021-05-16T00:42:58","date_gmt":"2021-05-16T05:42:58","guid":{"rendered":"http:\/\/www.macquero.com\/?p=12606"},"modified":"2021-10-31T17:48:27","modified_gmt":"2021-10-31T23:48:27","slug":"versailles","status":"publish","type":"post","link":"https:\/\/www.macquero.com\/en\/2021\/05\/versailles\/","title":{"rendered":"Versailles."},"content":{"rendered":"<p>Puntuaci\u00f3n: &#x2b50;&#x2b50;&#x2b50;&#x2b50;<\/p>\n\n\n\n<p>Nuestra siguiente recomendaci\u00f3n fue un salto de fe. Y nos sorprendi\u00f3 de muchas maneras.<\/p>\n\n\n\n<h3 class=\"wp-block-heading\">Sipnosis<\/h3>\n\n\n\n<p>La historia sobre la figura del rey Louis XIV, el monarca que se igual\u00f3 al sol y que se hizo Estado. El hombre que hizo de la moda, el arte y la gastronom\u00eda instrumentos clave de su poder.<\/p>\n\n\n\n<p>La serie producida por Canal+, retrata una parte importante de la historia francesa y fue&nbsp;creada por el estadounidense <strong>David Wolstencroft<\/strong> y el brit\u00e1nico <strong>Simon Mirren<\/strong> \u2013productor de la aclamada serie&nbsp;Criminal Minds.&nbsp;<\/p>\n\n\n\n<p>Adem\u00e1s, cont\u00f3 con un reconocido grupo de trabajo liderado por <strong>Claude Chelli<\/strong>, <strong>Anna Thomopoulos<\/strong> y <strong>Jalil Lespert<\/strong>, este gran equipo estuvo encargado de armar la vida y pasi\u00f3n de Luis XIV junto a su gran corte real, su obsesi\u00f3n por el poder, y su gran sue\u00f1o: la construcci\u00f3n del palacio de Versalles.<\/p>\n\n\n\n<h3 class=\"wp-block-heading\">Aspectos negativos<\/h3>\n\n\n\n<p>La serie recibi\u00f3 fuertes&nbsp;cr\u00edticas por las inconsistencias hist\u00f3ricas&nbsp;remarcadas por quienes no aceptan &#8220;la ficci\u00f3n&#8221; -al parecer la cr\u00edtica especializada, esperaba un trabajo visual, en vez, de una serie-. Tambi\u00e9n fue criticada por&nbsp;el excesivo uso de escenas de sexo expl\u00edcito, catalogada &lt;por algunos&gt; como <strong>pornogr\u00e1fica<\/strong>, (risas). &#x1f602; <\/p>\n\n\n\n<blockquote class=\"wp-block-quote is-layout-flow wp-block-quote-is-layout-flow\"><p>Ciertamente, hay cosillas dif\u00edciles de mirar, (depende de tus gustos, tiene escenas LGBT). Sin embargo, gracias al cielo fueron ben\u00e9volos. <\/p><\/blockquote>\n\n\n\n<p>Est\u00e1 repleta de mujeres hermosas: <a rel=\"noreferrer noopener\" aria-label=\"Anna Brewster (opens in a new tab)\" href=\"https:\/\/www.instagram.com\/messbrewster\/\" target=\"_blank\"><strong>Anna Brewster<\/strong><\/a>, <a rel=\"noreferrer noopener\" aria-label=\"Elisa Lasowski (opens in a new tab)\" href=\"https:\/\/www.instagram.com\/elisalasowski\" target=\"_blank\"><strong>Elisa Lasowski<\/strong><\/a>, <a rel=\"noreferrer noopener\" aria-label=\"Maddison Jaizani (opens in a new tab)\" href=\"https:\/\/www.instagram.com\/maddisonjaizani\" target=\"_blank\"><strong>Maddison Jaizani<\/strong><\/a>, <a rel=\"noreferrer noopener\" aria-label=\"No\u00e9mie Schmidt (opens in a new tab)\" href=\"https:\/\/www.instagram.com\/missnoemieschmidt\" target=\"_blank\"><strong>No\u00e9mie Schmidt<\/strong><\/a> (unofficial fanpage), <strong>Lizzie Brocher\u00e9<\/strong> y Jessica Clark, entre otras. <\/p>\n\n\n\n<p>No entendemos el contexto de la cr\u00edtica: &#8220;c\u00f3mo pornogr\u00e1fica&#8221;, ya que se sabe&nbsp;todo, en cu\u00e1nto a la activa vida sexual del rey y su corte: algo que sol\u00eda ser com\u00fan en la \u00e9poca.<\/p>\n\n\n\n<p>No obstante, la producci\u00f3n ha&nbsp;superado las cr\u00edticas que recibi\u00f3 antes y despu\u00e9s del estreno de su primera temporada.&nbsp;D\u00e1ndole consecuci\u00f3n con una segunda y tercera temporada.<\/p>\n\n\n\n<blockquote class=\"wp-block-quote is-layout-flow wp-block-quote-is-layout-flow\"><p>Tiene una incre\u00edble banda sonora que acompa\u00f1a la producci\u00f3n. <\/p><\/blockquote>\n\n\n\n<p><strong>&#8220;Outro&#8221; is a song by French electronic music artists&nbsp;M83.<\/strong><\/p>\n\n\n\n<figure class=\"wp-block-embed is-type-video is-provider-youtube wp-block-embed-youtube wp-embed-aspect-16-9 wp-has-aspect-ratio\"><div class=\"wp-block-embed__wrapper\">\n<span class=\"embed-youtube\" style=\"text-align:center; display: block;\"><iframe loading=\"lazy\" class=\"youtube-player\" width=\"640\" height=\"360\" src=\"https:\/\/www.youtube.com\/embed\/eSPCeHbhScU?version=3&#038;rel=1&#038;showsearch=0&#038;showinfo=1&#038;iv_load_policy=1&#038;fs=1&#038;hl=en-US&#038;autohide=2&#038;wmode=transparent\" allowfullscreen=\"true\" style=\"border:0;\" sandbox=\"allow-scripts allow-same-origin allow-popups allow-presentation allow-popups-to-escape-sandbox\"><\/iframe><\/span>\n<\/div><figcaption><strong>Soundtrack<\/strong><\/figcaption><\/figure>\n\n\n\n<p>C\u00f3mo a\u00f1adido la serie se destaca por el esfuerzo t\u00e9cnico en cuanto a sus locaciones, el apartado fotogr\u00e1fico, la iluminaci\u00f3n y vestuario, y por supuesto ese brillante intento por retratar la est\u00e9tica de la \u00e9poca. <\/p>","protected":false},"excerpt":{"rendered":"<p>Puntuaci\u00f3n: &#x2b50;&#x2b50;&#x2b50;&#x2b50; Nuestra siguiente recomendaci\u00f3n fue un salto de fe. Y nos sorprendi\u00f3 de muchas maneras. Sipnosis La historia sobre la figura del rey Louis XIV, el monarca que se igual\u00f3 al sol y que se hizo Estado. El hombre que hizo de la moda, el arte y la gastronom\u00eda instrumentos clave de su poder. &hellip;<\/p>","protected":false},"author":2,"featured_media":12610,"comment_status":"closed","ping_status":"closed","sticky":false,"template":"","format":"standard","meta":{"jetpack_post_was_ever_published":false,"_jetpack_newsletter_access":"","_jetpack_dont_email_post_to_subs":false,"_jetpack_newsletter_tier_id":0,"_jetpack_memberships_contains_paywalled_content":false,"_jetpack_memberships_contains_paid_content":false,"footnotes":"","jetpack_publicize_message":"","jetpack_publicize_feature_enabled":true,"jetpack_social_post_already_shared":true,"jetpack_social_options":{"image_generator_settings":{"template":"highway","default_image_id":0,"font":"","enabled":false},"version":2}},"categories":[732],"tags":[744,779,849],"class_list":["post-12606","post","type-post","status-publish","format-standard","has-post-thumbnail","hentry","category-series","tag-drama-politico","tag-emocionante","tag-intimo"],"jetpack_publicize_connections":[],"jetpack_featured_media_url":"https:\/\/www.macquero.com\/wp-content\/uploads\/2021\/05\/www.macquero.com-versailles-es.jpg","jetpack_sharing_enabled":true,"_links":{"self":[{"href":"https:\/\/www.macquero.com\/en\/wp-json\/wp\/v2\/posts\/12606","targetHints":{"allow":["GET"]}}],"collection":[{"href":"https:\/\/www.macquero.com\/en\/wp-json\/wp\/v2\/posts"}],"about":[{"href":"https:\/\/www.macquero.com\/en\/wp-json\/wp\/v2\/types\/post"}],"author":[{"embeddable":true,"href":"https:\/\/www.macquero.com\/en\/wp-json\/wp\/v2\/users\/2"}],"replies":[{"embeddable":true,"href":"https:\/\/www.macquero.com\/en\/wp-json\/wp\/v2\/comments?post=12606"}],"version-history":[{"count":10,"href":"https:\/\/www.macquero.com\/en\/wp-json\/wp\/v2\/posts\/12606\/revisions"}],"predecessor-version":[{"id":15678,"href":"https:\/\/www.macquero.com\/en\/wp-json\/wp\/v2\/posts\/12606\/revisions\/15678"}],"wp:featuredmedia":[{"embeddable":true,"href":"https:\/\/www.macquero.com\/en\/wp-json\/wp\/v2\/media\/12610"}],"wp:attachment":[{"href":"https:\/\/www.macquero.com\/en\/wp-json\/wp\/v2\/media?parent=12606"}],"wp:term":[{"taxonomy":"category","embeddable":true,"href":"https:\/\/www.macquero.com\/en\/wp-json\/wp\/v2\/categories?post=12606"},{"taxonomy":"post_tag","embeddable":true,"href":"https:\/\/www.macquero.com\/en\/wp-json\/wp\/v2\/tags?post=12606"}],"curies":[{"name":"wp","href":"https:\/\/api.w.org\/{rel}","templated":true}]}}