{"id":12583,"date":"2021-05-12T00:18:54","date_gmt":"2021-05-12T05:18:54","guid":{"rendered":"http:\/\/www.macquero.com\/?p=12583"},"modified":"2021-10-26T02:47:24","modified_gmt":"2021-10-26T07:47:24","slug":"omg-omg-omg-outlander-temporada-5-disponible","status":"publish","type":"post","link":"https:\/\/www.macquero.com\/en\/2021\/05\/omg-omg-omg-outlander-temporada-5-disponible\/","title":{"rendered":"OMG!, OMG!, OMG! Outlander. Temporada 5. Disponible."},"content":{"rendered":"<p>Puntuaci\u00f3n: &#x2b50;&#x2b50;&#x2b50;&#x2b50;&#x2b50;<\/p>\n\n\n\n<p>Llena de emocionantes escenas de acci\u00f3n, pero tambi\u00e9n indiscutiblemente emotiva, la quinta temporada\u00a0est\u00e1 basada en el libro:<strong>\u00a0La Cruz Ardiente<\/strong>,\u00a0de <strong>Diana Gabaldon<\/strong>. Su trama gira en torno a la rebeli\u00f3n de los contribuyentes\u00a0en las colonias de Carolina del Norte contra el Imperio Brit\u00e1nico. El contexto tiene un alto contenido hist\u00f3rico porque es considerado\u00a0precursor de la Revoluci\u00f3n Americana. <\/p>\n\n\n\n<p>El \u00faltimo episodio, -literal me dej\u00f3 exhausto- hay escenas qu\u00e9 marcan, una de ellas, es el momento terrible en la vida de Claire (<a rel=\"noreferrer noopener\" aria-label=\"Caitriona Balfe (opens in a new tab)\" href=\"https:\/\/www.instagram.com\/caitrionabalfe\" target=\"_blank\"><strong>Caitriona Balfe<\/strong><\/a>), que es tambi\u00e9n un momento definitorio para el personaje, ya que ofrece algunas pistas de todo lo que est\u00e1 por venir en la temporada 6.<\/p>\n\n\n\n<p>El productor ejecutivo de la serie, <strong>Matthew B. Roberts<\/strong>, en cuanto se ha emitido el \u00faltimo episodio de la temporada, ha confirmado que la siguiente, (la sexta), continuar\u00e1 desarrollando la historia que se recoge en el sexto libro de la saga de Outlander de Diana Gabald\u00f3n,&nbsp;<strong>Viento y ceniza<\/strong>, del que ya ha comenzado a incorporar elementos en est\u00e1 temporada actual de 12 episodios. <\/p>\n\n\n\n<blockquote class=\"wp-block-quote is-layout-flow wp-block-quote-is-layout-flow\"><p>Como siempre, la serie siempre evoca una visi\u00f3n de hechos hacia atr\u00e1s y recupera algunas historias que se hayan podido dejar por el camino.<\/p><\/blockquote>\n\n\n\n<p>-De manera oficial, solo se ha confirmado que la sexta temporada transcurrir\u00e1 durante la <strong>Guerra de Independencia estadounidense<\/strong> y que Jamie (<a rel=\"noreferrer noopener\" aria-label=\"Sam Heughan (opens in a new tab)\" href=\"https:\/\/www.instagram.com\/samheughan\/\" target=\"_blank\"><strong>Sam Heughan<\/strong><\/a>) y Claire (<strong>Caitriona Balfe<\/strong>) se encontrar\u00e1n con &#8220;un nuevo grupo de colonos&#8221;. <\/p>\n\n\n\n<p>S\u00ed, hasta all\u00ed nos dejan saber. OMG!, OMG!, OMG!&#8230; No te jales los pelos de la cabeza, \u00a1te quedar\u00e1s calvo\/a! &#x1f602;<\/p>\n\n\n\n<h3 class=\"wp-block-heading\">Sexta temporada.<\/h3>\n\n\n\n<p>La sexta temporada se anunci\u00f3 al mismo tiempo que la quinta. Se preve\u00eda que estrenara en el 2021, pero con el retraso en la producci\u00f3n debido a las restricciones por el Coronavirus, no est\u00e1 ahora tan claro. <\/p>\n\n\n\n<figure class=\"wp-block-embed is-type-video is-provider-youtube wp-block-embed-youtube wp-embed-aspect-16-9 wp-has-aspect-ratio\"><div class=\"wp-block-embed__wrapper\">\n<span class=\"embed-youtube\" style=\"text-align:center; display: block;\"><iframe loading=\"lazy\" class=\"youtube-player\" width=\"640\" height=\"360\" src=\"https:\/\/www.youtube.com\/embed\/1zy6i5z32Q4?version=3&#038;rel=1&#038;showsearch=0&#038;showinfo=1&#038;iv_load_policy=1&#038;fs=1&#038;hl=en-US&#038;autohide=2&#038;wmode=transparent\" allowfullscreen=\"true\" style=\"border:0;\" sandbox=\"allow-scripts allow-same-origin allow-popups allow-presentation allow-popups-to-escape-sandbox\"><\/iframe><\/span>\n<\/div><figcaption><strong>Teaser<\/strong><\/figcaption><\/figure>\n\n\n\n<p>Lo que s\u00ed, est\u00e1 confirmado es que, al igual que la quinta, y a diferencia de las cuatro anteriores, tendr\u00e1 doce episodios.<\/p>","protected":false},"excerpt":{"rendered":"<p>Puntuaci\u00f3n: &#x2b50;&#x2b50;&#x2b50;&#x2b50;&#x2b50; Llena de emocionantes escenas de acci\u00f3n, pero tambi\u00e9n indiscutiblemente emotiva, la quinta temporada\u00a0est\u00e1 basada en el libro:\u00a0La Cruz Ardiente,\u00a0de Diana Gabaldon. Su trama gira en torno a la rebeli\u00f3n de los contribuyentes\u00a0en las colonias de Carolina del Norte contra el Imperio Brit\u00e1nico. El contexto tiene un alto contenido hist\u00f3rico porque es considerado\u00a0precursor de &hellip;<\/p>","protected":false},"author":2,"featured_media":12587,"comment_status":"closed","ping_status":"closed","sticky":false,"template":"","format":"standard","meta":{"jetpack_post_was_ever_published":false,"_jetpack_newsletter_access":"","_jetpack_dont_email_post_to_subs":false,"_jetpack_newsletter_tier_id":0,"_jetpack_memberships_contains_paywalled_content":false,"_jetpack_memberships_contains_paid_content":false,"footnotes":"","jetpack_publicize_message":"","jetpack_publicize_feature_enabled":true,"jetpack_social_post_already_shared":true,"jetpack_social_options":{"image_generator_settings":{"template":"highway","default_image_id":0,"font":"","enabled":false},"version":2}},"categories":[1019,879],"tags":[744,779,849],"class_list":["post-12583","post","type-post","status-publish","format-standard","has-post-thumbnail","hentry","category-analisis-y-opinion","category-notas-con-spoiler","tag-drama-politico","tag-emocionante","tag-intimo"],"jetpack_publicize_connections":[],"jetpack_featured_media_url":"https:\/\/www.macquero.com\/wp-content\/uploads\/2021\/05\/www.macquero.com-omg-omg-omg-outlander-temporada-5-disponible-ou.jpg","jetpack_sharing_enabled":true,"_links":{"self":[{"href":"https:\/\/www.macquero.com\/en\/wp-json\/wp\/v2\/posts\/12583","targetHints":{"allow":["GET"]}}],"collection":[{"href":"https:\/\/www.macquero.com\/en\/wp-json\/wp\/v2\/posts"}],"about":[{"href":"https:\/\/www.macquero.com\/en\/wp-json\/wp\/v2\/types\/post"}],"author":[{"embeddable":true,"href":"https:\/\/www.macquero.com\/en\/wp-json\/wp\/v2\/users\/2"}],"replies":[{"embeddable":true,"href":"https:\/\/www.macquero.com\/en\/wp-json\/wp\/v2\/comments?post=12583"}],"version-history":[{"count":9,"href":"https:\/\/www.macquero.com\/en\/wp-json\/wp\/v2\/posts\/12583\/revisions"}],"predecessor-version":[{"id":15005,"href":"https:\/\/www.macquero.com\/en\/wp-json\/wp\/v2\/posts\/12583\/revisions\/15005"}],"wp:featuredmedia":[{"embeddable":true,"href":"https:\/\/www.macquero.com\/en\/wp-json\/wp\/v2\/media\/12587"}],"wp:attachment":[{"href":"https:\/\/www.macquero.com\/en\/wp-json\/wp\/v2\/media?parent=12583"}],"wp:term":[{"taxonomy":"category","embeddable":true,"href":"https:\/\/www.macquero.com\/en\/wp-json\/wp\/v2\/categories?post=12583"},{"taxonomy":"post_tag","embeddable":true,"href":"https:\/\/www.macquero.com\/en\/wp-json\/wp\/v2\/tags?post=12583"}],"curies":[{"name":"wp","href":"https:\/\/api.w.org\/{rel}","templated":true}]}}