{"id":12577,"date":"2021-05-11T02:30:06","date_gmt":"2021-05-11T07:30:06","guid":{"rendered":"http:\/\/www.macquero.com\/?p=12577"},"modified":"2021-10-31T18:10:32","modified_gmt":"2021-11-01T00:10:32","slug":"analisis-the-bold-type-temporada-4","status":"publish","type":"post","link":"https:\/\/www.macquero.com\/en\/2021\/05\/analisis-the-bold-type-temporada-4\/","title":{"rendered":"The Bold Type. Temporada 4."},"content":{"rendered":"<p>Puntuaci\u00f3n: &#x2b50;&#x2b50;&#x2b50;&#x2b50;&#x2b50;<\/p>\n\n\n\n<p>Si ya has visto la primera, segunda y tercera temporada, no puedes dejar de ver lo que se dej\u00f3 ver en su cuarta entrega, (con temas: sobre el cambio y la adaptaci\u00f3n). <\/p>\n\n\n\n<p>Pero, tambi\u00e9n nos complace, saber que una quinta temporada ya tiene fecha de estreno, esperando qu\u00e9 por ser la \u00faltima adaptaci\u00f3n, finalmente nos concedan un cierre definitivo en cada una de las diferentes historias.<\/p>\n\n\n\n<h3 class=\"wp-block-heading\">Sipnosis<\/h3>\n\n\n\n<p>Serie que toca las extravagantes vidas y amores de las responsables de una revista femenina global, Scarlet. Una generaci\u00f3n de millennials, mujeres que se apoyan unas a otras, mientras buscan sus propias voces, en un oc\u00e9ano de intimidantes l\u00edderes. <\/p>\n\n\n\n<p>Juntas, pero, no revueltas exploran su sexualidad, intimidad, amor y el mundo de la moda.<\/p>\n\n\n\n<blockquote class=\"wp-block-quote is-layout-flow wp-block-quote-is-layout-flow\"><p>La serie tambi\u00e9n aborda temas de referencia consideradas como taboo, por su contenido y sensibilidad en algunos entornos de la sociedad actual de manera brillante.   <\/p><\/blockquote>\n\n\n\n<p>Cu\u00e1ndo la recomend\u00e9 el fin de semana pasado, la compar\u00e9 con <strong>Emily en Paris<\/strong>, porque posee una gama de colores que desaf\u00edan los estilos en vestuario y entorno fotogr\u00e1fico. <\/p>\n\n\n\n<p>Inmediatamente te seduce el glamour que corre por todas y cada una de las escenas, incluyendo el vestuario de sus protagonistas Jane Sloan (<a rel=\"noreferrer noopener\" aria-label=\"Katie Stevens (opens in a new tab)\" href=\"https:\/\/www.instagram.com\/thekatiestevens\" target=\"_blank\"><strong>Katie Stevens<\/strong><\/a>), Kat Edison (<a rel=\"noreferrer noopener\" aria-label=\"Aisha Dee (opens in a new tab)\" href=\"https:\/\/www.instagram.com\/aishtray\" target=\"_blank\"><strong>Aisha Dee<\/strong><\/a>), Sutton Brady-Hunter (<a rel=\"noreferrer noopener\" aria-label=\"Meghann Fahy (opens in a new tab)\" href=\"https:\/\/www.instagram.com\/meghannfahy\/\" target=\"_blank\"><strong>Meghann Fahy<\/strong><\/a>).<\/p>\n\n\n\n<h3 class=\"wp-block-heading\">The Bold Type quinta temporada.<\/h3>\n\n\n\n<p>Pese a que todav\u00eda no hay una fecha exacta, se ha confirmado que ser\u00e1 durante este a\u00f1o 2021. <\/p>\n\n\n\n<figure class=\"wp-block-embed is-type-video is-provider-youtube wp-block-embed-youtube wp-embed-aspect-16-9 wp-has-aspect-ratio\"><div class=\"wp-block-embed__wrapper\">\n<span class=\"embed-youtube\" style=\"text-align:center; display: block;\"><iframe loading=\"lazy\" class=\"youtube-player\" width=\"640\" height=\"360\" src=\"https:\/\/www.youtube.com\/embed\/WhJZDmsGsvM?version=3&#038;rel=1&#038;showsearch=0&#038;showinfo=1&#038;iv_load_policy=1&#038;fs=1&#038;hl=en-US&#038;autohide=2&#038;wmode=transparent\" allowfullscreen=\"true\" style=\"border:0;\" sandbox=\"allow-scripts allow-same-origin allow-popups allow-presentation allow-popups-to-escape-sandbox\"><\/iframe><\/span>\n<\/div><figcaption><strong>Tr\u00e1iler<\/strong><\/figcaption><\/figure>\n\n\n\n<p>Tendr\u00e1 un total de (seis episodios) pocos, considerando que las 3 primeras tienen cada una 10 episodios, y la cuarta nos sorprendi\u00f3 con 16 episodios.<\/p>","protected":false},"excerpt":{"rendered":"<p>Puntuaci\u00f3n: &#x2b50;&#x2b50;&#x2b50;&#x2b50;&#x2b50; Si ya has visto la primera, segunda y tercera temporada, no puedes dejar de ver lo que se dej\u00f3 ver en su cuarta entrega, (con temas: sobre el cambio y la adaptaci\u00f3n). Pero, tambi\u00e9n nos complace, saber que una quinta temporada ya tiene fecha de estreno, esperando qu\u00e9 por ser la \u00faltima adaptaci\u00f3n, &hellip;<\/p>","protected":false},"author":2,"featured_media":12581,"comment_status":"closed","ping_status":"closed","sticky":false,"template":"","format":"standard","meta":{"jetpack_post_was_ever_published":false,"_jetpack_newsletter_access":"","_jetpack_dont_email_post_to_subs":false,"_jetpack_newsletter_tier_id":0,"_jetpack_memberships_contains_paywalled_content":false,"_jetpack_memberships_contains_paid_content":false,"footnotes":"","jetpack_publicize_message":"","jetpack_publicize_feature_enabled":true,"jetpack_social_post_already_shared":true,"jetpack_social_options":{"image_generator_settings":{"template":"highway","default_image_id":0,"font":"","enabled":false},"version":2}},"categories":[1019],"tags":[801,849],"class_list":["post-12577","post","type-post","status-publish","format-standard","has-post-thumbnail","hentry","category-analisis-y-opinion","tag-drama-juvenil","tag-intimo"],"jetpack_publicize_connections":[],"jetpack_featured_media_url":"https:\/\/www.macquero.com\/wp-content\/uploads\/2021\/05\/www.macquero.com-analisis-the-bold-type-temporada-4-ld.jpg","jetpack_sharing_enabled":true,"_links":{"self":[{"href":"https:\/\/www.macquero.com\/en\/wp-json\/wp\/v2\/posts\/12577","targetHints":{"allow":["GET"]}}],"collection":[{"href":"https:\/\/www.macquero.com\/en\/wp-json\/wp\/v2\/posts"}],"about":[{"href":"https:\/\/www.macquero.com\/en\/wp-json\/wp\/v2\/types\/post"}],"author":[{"embeddable":true,"href":"https:\/\/www.macquero.com\/en\/wp-json\/wp\/v2\/users\/2"}],"replies":[{"embeddable":true,"href":"https:\/\/www.macquero.com\/en\/wp-json\/wp\/v2\/comments?post=12577"}],"version-history":[{"count":5,"href":"https:\/\/www.macquero.com\/en\/wp-json\/wp\/v2\/posts\/12577\/revisions"}],"predecessor-version":[{"id":15694,"href":"https:\/\/www.macquero.com\/en\/wp-json\/wp\/v2\/posts\/12577\/revisions\/15694"}],"wp:featuredmedia":[{"embeddable":true,"href":"https:\/\/www.macquero.com\/en\/wp-json\/wp\/v2\/media\/12581"}],"wp:attachment":[{"href":"https:\/\/www.macquero.com\/en\/wp-json\/wp\/v2\/media?parent=12577"}],"wp:term":[{"taxonomy":"category","embeddable":true,"href":"https:\/\/www.macquero.com\/en\/wp-json\/wp\/v2\/categories?post=12577"},{"taxonomy":"post_tag","embeddable":true,"href":"https:\/\/www.macquero.com\/en\/wp-json\/wp\/v2\/tags?post=12577"}],"curies":[{"name":"wp","href":"https:\/\/api.w.org\/{rel}","templated":true}]}}