{"id":12523,"date":"2021-05-04T06:34:49","date_gmt":"2021-05-04T11:34:49","guid":{"rendered":"http:\/\/www.macquero.com\/?p=12523"},"modified":"2021-05-04T06:36:43","modified_gmt":"2021-05-04T11:36:43","slug":"cobra-kai-temporada-4-anuncios","status":"publish","type":"post","link":"https:\/\/www.macquero.com\/en\/2021\/05\/cobra-kai-temporada-4-anuncios\/","title":{"rendered":"Cobra Kai. Temporada 4. Anuncios."},"content":{"rendered":"<p>Cobra Kai, la exitosa serie de&nbsp;<strong>Netflix&nbsp;<\/strong>que contin\u00faa los hechos de la pel\u00edcula de los 80&#8217;s \u201cKarate Kid\u201d anunci\u00f3 oficialmente que&nbsp;<strong>el rodaje de la esperada cuarta temporada lleg\u00f3 a su fin.<\/strong><\/p>\n\n\n\n<p>En fase de post producci\u00f3n, todav\u00eda es pronto para conocer un Teaser o un adelanto de la misma. Pero, se prev\u00e9 su estreno&nbsp;programado para el cuarto trimestre del a\u00f1o, es decir el per\u00edodo&nbsp;entre octubre y diciembre del 2021.<\/p>\n\n\n\n<h2 class=\"wp-block-heading\">Recordemos<\/h2>\n\n\n\n<p>La&nbsp;<strong>tercera temporada&nbsp;<\/strong>se estren\u00f3 a&nbsp;principios del 2021, logrando en poco menos de un mes un \u00e9xito sin precedentes para la plataforma de streaming. <\/p>\n\n\n\n<p>El cierre de la temporada subi\u00f3 m\u00e1s la vara al mostrarnos como&nbsp;<strong>Johnny Lawrence<\/strong>&nbsp;(William Zabka) y&nbsp;<strong>Daniel Larusso&nbsp;<\/strong>(Ralph Macchio) unieron fuerzas contra el despiadado&nbsp;<strong>sensei John Kreese&nbsp;<\/strong>(Martin Kove), lo que llev\u00f3 a una dura confrontaci\u00f3n en el dojo \u201cCobra Kai\u201d. <\/p>\n\n\n\n<p>Tras la pelea Kreese dijo que todo se resolver\u00e1 en el pr\u00f3ximo Torneo de Karate All-Valley. Por esto&nbsp;<strong>Johnny y Daniel se convirtieron los senseis de un nuevo dojo<\/strong>.<\/p>\n\n\n\n<h2 class=\"wp-block-heading\">Rumores<\/h2>\n\n\n\n<p>Tambi\u00e9n se especula con mucha fuerza, que veremos un poco m\u00e1s de pantalla para personajes como&nbsp;<strong>Tory Nichols&nbsp;<\/strong>(<strong>Peyton List<\/strong>),&nbsp;la \u00fanica seguidora del Sensei Kreese&nbsp;y la madre de Miguel,&nbsp;<strong>Carmen D\u00edaz&nbsp;<\/strong>(Vanessa Rubio). <\/p>\n\n\n\n<p>Otros temas que se comentan mucho es la posibilidad de viejos conocidos de la historia de \u201cKarate Kid\u201d, como el villano artista marcial&nbsp;Terry Silver&nbsp;(Thomas Ian Griffith) o hasta la otra&nbsp;alumna del Se\u00f1or Miyagi,&nbsp;<strong>Julie Pierce&nbsp;<\/strong>(Hilary Swank).<\/p>\n\n\n\n<p>Lo que s\u00ed es un hecho. Es la noticia dejada por el actor William Zabka desde su cuenta de Twitter. <\/p>\n\n\n\n<p>After 3 1\/2 months of production, I\u2019m proud to say <a href=\"https:\/\/twitter.com\/hashtag\/CobraKaiSeason4?src=hashtag_click\" rel=\"noreferrer noopener\" target=\"_blank\" class=\"css-4rbku5 css-18t94o4 css-901oao css-16my406 r-1n1174f r-1loqt21 r-poiln3 r-bcqeeo r-qvutc0\">#CobraKaiSeason4<\/a> is officially wrapped! \u201cReady???! LET\u2019S BEGIN!\u201d <a href=\"https:\/\/twitter.com\/hashtag\/sentfrommysmartphone?src=hashtag_click\" rel=\"noreferrer noopener\" target=\"_blank\" class=\"css-4rbku5 css-18t94o4 css-901oao css-16my406 r-1n1174f r-1loqt21 r-poiln3 r-bcqeeo r-qvutc0\">#sentfrommysmartphone<\/a><\/p>","protected":false},"excerpt":{"rendered":"<p>Cobra Kai, la exitosa serie de&nbsp;Netflix&nbsp;que contin\u00faa los hechos de la pel\u00edcula de los 80&#8217;s \u201cKarate Kid\u201d anunci\u00f3 oficialmente que&nbsp;el rodaje de la esperada cuarta temporada lleg\u00f3 a su fin. En fase de post producci\u00f3n, todav\u00eda es pronto para conocer un Teaser o un adelanto de la misma. Pero, se prev\u00e9 su estreno&nbsp;programado para el &hellip;<\/p>","protected":false},"author":2,"featured_media":12522,"comment_status":"closed","ping_status":"closed","sticky":false,"template":"","format":"standard","meta":{"jetpack_post_was_ever_published":false,"_jetpack_newsletter_access":"","_jetpack_dont_email_post_to_subs":false,"_jetpack_newsletter_tier_id":0,"_jetpack_memberships_contains_paywalled_content":false,"_jetpack_memberships_contains_paid_content":false,"footnotes":"","jetpack_publicize_message":"","jetpack_publicize_feature_enabled":true,"jetpack_social_post_already_shared":true,"jetpack_social_options":{"image_generator_settings":{"template":"highway","default_image_id":0,"font":"","enabled":false},"version":2}},"categories":[696,732,879],"tags":[286],"class_list":["post-12523","post","type-post","status-publish","format-standard","has-post-thumbnail","hentry","category-netflix","category-series","category-notas-con-spoiler","tag-novedades"],"jetpack_publicize_connections":[],"jetpack_featured_media_url":"https:\/\/www.macquero.com\/wp-content\/uploads\/2021\/05\/www.macquero.com-www.macquero.com-img_20210504_072942.jpg","jetpack_sharing_enabled":true,"_links":{"self":[{"href":"https:\/\/www.macquero.com\/en\/wp-json\/wp\/v2\/posts\/12523","targetHints":{"allow":["GET"]}}],"collection":[{"href":"https:\/\/www.macquero.com\/en\/wp-json\/wp\/v2\/posts"}],"about":[{"href":"https:\/\/www.macquero.com\/en\/wp-json\/wp\/v2\/types\/post"}],"author":[{"embeddable":true,"href":"https:\/\/www.macquero.com\/en\/wp-json\/wp\/v2\/users\/2"}],"replies":[{"embeddable":true,"href":"https:\/\/www.macquero.com\/en\/wp-json\/wp\/v2\/comments?post=12523"}],"version-history":[{"count":2,"href":"https:\/\/www.macquero.com\/en\/wp-json\/wp\/v2\/posts\/12523\/revisions"}],"predecessor-version":[{"id":12525,"href":"https:\/\/www.macquero.com\/en\/wp-json\/wp\/v2\/posts\/12523\/revisions\/12525"}],"wp:featuredmedia":[{"embeddable":true,"href":"https:\/\/www.macquero.com\/en\/wp-json\/wp\/v2\/media\/12522"}],"wp:attachment":[{"href":"https:\/\/www.macquero.com\/en\/wp-json\/wp\/v2\/media?parent=12523"}],"wp:term":[{"taxonomy":"category","embeddable":true,"href":"https:\/\/www.macquero.com\/en\/wp-json\/wp\/v2\/categories?post=12523"},{"taxonomy":"post_tag","embeddable":true,"href":"https:\/\/www.macquero.com\/en\/wp-json\/wp\/v2\/tags?post=12523"}],"curies":[{"name":"wp","href":"https:\/\/api.w.org\/{rel}","templated":true}]}}