{"id":12505,"date":"2021-05-02T00:07:07","date_gmt":"2021-05-02T05:07:07","guid":{"rendered":"http:\/\/www.macquero.com\/?p=12505"},"modified":"2021-10-27T01:05:08","modified_gmt":"2021-10-27T06:05:08","slug":"estreno-el-inocente","status":"publish","type":"post","link":"https:\/\/www.macquero.com\/en\/2021\/05\/estreno-el-inocente\/","title":{"rendered":"El Inocente."},"content":{"rendered":"<p>Puntuaci\u00f3n: &#x2b50;&#x2b50;&#x2b50;&#x2b50;&#x2b50;<\/p>\n\n\n\n<p>Nuestra siguiente recomendaci\u00f3n es un thriller psicol\u00f3gico, de producci\u00f3n espa\u00f1ola qu\u00e9 no puedes dejar pasar.<\/p>\n\n\n\n<h3 class=\"wp-block-heading\">Sipnosis <\/h3>\n\n\n\n<p>Serie espa\u00f1ola original de Netflix, basada en la novela del mismo nombre de Harlan Coben. Est\u00e1 protagonizada de manera principal por <a href=\"https:\/\/www.instagram.com\/mario_houses\/\" target=\"_blank\" rel=\"noreferrer noopener\" aria-label=\"Mario Casas (opens in a new tab)\"><strong>Mario Casas<\/strong><\/a>, <a href=\"https:\/\/www.instagram.com\/aura_garrido\" target=\"_blank\" rel=\"noreferrer noopener\" aria-label=\"Aura Garrido (opens in a new tab)\"><strong>Aura Garrido<\/strong><\/a>, <a href=\"https:\/\/www.instagram.com\/cdfalexandraj\" target=\"_blank\" rel=\"noreferrer noopener\" aria-label=\"Alexandra Jim\u00e9nez (opens in a new tab)\"><strong>Alexandra Jim\u00e9nez<\/strong><\/a> y <a href=\"https:\/\/www.instagram.com\/_jose_coronado\/\" target=\"_blank\" rel=\"noreferrer noopener\" aria-label=\"Jos\u00e9 Coronado (opens in a new tab)\"><strong>Jos\u00e9 Coronado<\/strong><\/a>.<\/p>\n\n\n\n<p>La encontramos adictiva y enigm\u00e1tica. Con un gui\u00f3n sorprendentemente bien escrito, con grandes interpretaciones y un doble cierre inesperado. <\/p>\n\n\n\n<p>Puede ser la opci\u00f3n para maratonear el fin de semana.  \u200b<\/p>","protected":false},"excerpt":{"rendered":"<p>Puntuaci\u00f3n: &#x2b50;&#x2b50;&#x2b50;&#x2b50;&#x2b50; Nuestra siguiente recomendaci\u00f3n es un thriller psicol\u00f3gico, de producci\u00f3n espa\u00f1ola qu\u00e9 no puedes dejar pasar. Sipnosis Serie espa\u00f1ola original de Netflix, basada en la novela del mismo nombre de Harlan Coben. Est\u00e1 protagonizada de manera principal por Mario Casas, Aura Garrido, Alexandra Jim\u00e9nez y Jos\u00e9 Coronado. La encontramos adictiva y enigm\u00e1tica. Con un &hellip;<\/p>","protected":false},"author":2,"featured_media":12507,"comment_status":"closed","ping_status":"closed","sticky":false,"template":"","format":"standard","meta":{"jetpack_post_was_ever_published":false,"_jetpack_newsletter_access":"","_jetpack_dont_email_post_to_subs":false,"_jetpack_newsletter_tier_id":0,"_jetpack_memberships_contains_paywalled_content":false,"_jetpack_memberships_contains_paid_content":false,"footnotes":"","jetpack_publicize_message":"","jetpack_publicize_feature_enabled":true,"jetpack_social_post_already_shared":true,"jetpack_social_options":{"image_generator_settings":{"template":"highway","default_image_id":0,"font":"","enabled":false},"version":2}},"categories":[733,732],"tags":[779,832],"class_list":["post-12505","post","type-post","status-publish","format-standard","has-post-thumbnail","hentry","category-originales-de-netflix","category-series","tag-emocionante","tag-thriller-psicologico"],"jetpack_publicize_connections":[],"jetpack_featured_media_url":"https:\/\/www.macquero.com\/wp-content\/uploads\/2021\/05\/www.macquero.com-estreno-el-inocente-in.jpg","jetpack_sharing_enabled":true,"_links":{"self":[{"href":"https:\/\/www.macquero.com\/en\/wp-json\/wp\/v2\/posts\/12505","targetHints":{"allow":["GET"]}}],"collection":[{"href":"https:\/\/www.macquero.com\/en\/wp-json\/wp\/v2\/posts"}],"about":[{"href":"https:\/\/www.macquero.com\/en\/wp-json\/wp\/v2\/types\/post"}],"author":[{"embeddable":true,"href":"https:\/\/www.macquero.com\/en\/wp-json\/wp\/v2\/users\/2"}],"replies":[{"embeddable":true,"href":"https:\/\/www.macquero.com\/en\/wp-json\/wp\/v2\/comments?post=12505"}],"version-history":[{"count":3,"href":"https:\/\/www.macquero.com\/en\/wp-json\/wp\/v2\/posts\/12505\/revisions"}],"predecessor-version":[{"id":15335,"href":"https:\/\/www.macquero.com\/en\/wp-json\/wp\/v2\/posts\/12505\/revisions\/15335"}],"wp:featuredmedia":[{"embeddable":true,"href":"https:\/\/www.macquero.com\/en\/wp-json\/wp\/v2\/media\/12507"}],"wp:attachment":[{"href":"https:\/\/www.macquero.com\/en\/wp-json\/wp\/v2\/media?parent=12505"}],"wp:term":[{"taxonomy":"category","embeddable":true,"href":"https:\/\/www.macquero.com\/en\/wp-json\/wp\/v2\/categories?post=12505"},{"taxonomy":"post_tag","embeddable":true,"href":"https:\/\/www.macquero.com\/en\/wp-json\/wp\/v2\/tags?post=12505"}],"curies":[{"name":"wp","href":"https:\/\/api.w.org\/{rel}","templated":true}]}}