{"id":12474,"date":"2021-04-27T00:10:12","date_gmt":"2021-04-27T05:10:12","guid":{"rendered":"http:\/\/www.macquero.com\/?p=12474"},"modified":"2021-04-27T02:25:29","modified_gmt":"2021-04-27T07:25:29","slug":"millennials-habra-temporada-3","status":"publish","type":"post","link":"https:\/\/www.macquero.com\/en\/2021\/04\/millennials-habra-temporada-3\/","title":{"rendered":"Millennials. \u00bfHabr\u00e1 temporada 3?"},"content":{"rendered":"<p>Ayer constat\u00e9 que la serie argentina con 2 temporadas disponibles en la plataforma, eval\u00faa estrenar una tercera entrega para est\u00e9 a\u00f1o.<\/p>\n\n\n\n<figure class=\"wp-block-embed-youtube wp-block-embed is-type-video is-provider-youtube wp-embed-aspect-16-9 wp-has-aspect-ratio\"><div class=\"wp-block-embed__wrapper\">\n<span class=\"embed-youtube\" style=\"text-align:center; display: block;\"><iframe loading=\"lazy\" class=\"youtube-player\" width=\"640\" height=\"360\" src=\"https:\/\/www.youtube.com\/embed\/UdcwqIfyZm0?version=3&#038;rel=1&#038;showsearch=0&#038;showinfo=1&#038;iv_load_policy=1&#038;fs=1&#038;hl=en-US&#038;autohide=2&#038;wmode=transparent\" allowfullscreen=\"true\" style=\"border:0;\" sandbox=\"allow-scripts allow-same-origin allow-popups allow-presentation allow-popups-to-escape-sandbox\"><\/iframe><\/span>\n<\/div><figcaption><strong>News<\/strong><\/figcaption><\/figure>\n\n\n\n<p>Recordemos que la trama de la serie gira en torno a la vida de&nbsp;un grupo de j\u00f3venes en sus 30 a\u00f1os de edad. Una generaci\u00f3n, que vive en la era de las nuevas tecnolog\u00edas y de las redes sociales.<\/p>\n\n\n\n<p>Con un formato destinado para tele novela, su gui\u00f3n en lo personal no convence. La cr\u00edtica del sector local, la cataloga de excesiva y cito: por sus\u00a0&#8220;fuertes escenas de sexo y desnudos de sus protagonistas&#8221;. Tampoco es para tanto. <\/p>\n\n\n\n<p>El problema en s\u00ed, en mi opini\u00f3n es la direcci\u00f3n y el trabajo de los escritores. Para gustos los colores. <\/p>","protected":false},"excerpt":{"rendered":"<p>Ayer constat\u00e9 que la serie argentina con 2 temporadas disponibles en la plataforma, eval\u00faa estrenar una tercera entrega para est\u00e9 a\u00f1o. Novedades Recordemos que la trama de la serie gira en torno a la vida de&nbsp;un grupo de j\u00f3venes en sus 30 a\u00f1os de edad. Una generaci\u00f3n, que vive en la era de las nuevas &hellip;<\/p>","protected":false},"author":2,"featured_media":12476,"comment_status":"closed","ping_status":"closed","sticky":false,"template":"","format":"standard","meta":{"jetpack_post_was_ever_published":false,"_jetpack_newsletter_access":"","_jetpack_dont_email_post_to_subs":false,"_jetpack_newsletter_tier_id":0,"_jetpack_memberships_contains_paywalled_content":false,"_jetpack_memberships_contains_paid_content":false,"footnotes":"","jetpack_publicize_message":"","jetpack_publicize_feature_enabled":true,"jetpack_social_post_already_shared":true,"jetpack_social_options":{"image_generator_settings":{"template":"highway","default_image_id":0,"font":"","enabled":false},"version":2}},"categories":[696,732],"tags":[849,838],"class_list":["post-12474","post","type-post","status-publish","format-standard","has-post-thumbnail","hentry","category-netflix","category-series","tag-intimo","tag-telenovelesco"],"jetpack_publicize_connections":[],"jetpack_featured_media_url":"https:\/\/www.macquero.com\/wp-content\/uploads\/2021\/04\/www.macquero.com-millennials-habra-temporada-3-as.jpg","jetpack_sharing_enabled":true,"_links":{"self":[{"href":"https:\/\/www.macquero.com\/en\/wp-json\/wp\/v2\/posts\/12474","targetHints":{"allow":["GET"]}}],"collection":[{"href":"https:\/\/www.macquero.com\/en\/wp-json\/wp\/v2\/posts"}],"about":[{"href":"https:\/\/www.macquero.com\/en\/wp-json\/wp\/v2\/types\/post"}],"author":[{"embeddable":true,"href":"https:\/\/www.macquero.com\/en\/wp-json\/wp\/v2\/users\/2"}],"replies":[{"embeddable":true,"href":"https:\/\/www.macquero.com\/en\/wp-json\/wp\/v2\/comments?post=12474"}],"version-history":[{"count":2,"href":"https:\/\/www.macquero.com\/en\/wp-json\/wp\/v2\/posts\/12474\/revisions"}],"predecessor-version":[{"id":12479,"href":"https:\/\/www.macquero.com\/en\/wp-json\/wp\/v2\/posts\/12474\/revisions\/12479"}],"wp:featuredmedia":[{"embeddable":true,"href":"https:\/\/www.macquero.com\/en\/wp-json\/wp\/v2\/media\/12476"}],"wp:attachment":[{"href":"https:\/\/www.macquero.com\/en\/wp-json\/wp\/v2\/media?parent=12474"}],"wp:term":[{"taxonomy":"category","embeddable":true,"href":"https:\/\/www.macquero.com\/en\/wp-json\/wp\/v2\/categories?post=12474"},{"taxonomy":"post_tag","embeddable":true,"href":"https:\/\/www.macquero.com\/en\/wp-json\/wp\/v2\/tags?post=12474"}],"curies":[{"name":"wp","href":"https:\/\/api.w.org\/{rel}","templated":true}]}}