{"id":12213,"date":"2021-03-12T18:29:18","date_gmt":"2021-03-13T00:29:18","guid":{"rendered":"http:\/\/www.macquero.com\/?p=12213"},"modified":"2021-10-27T03:10:56","modified_gmt":"2021-10-27T08:10:56","slug":"estreno-hoy-si-yes-day","status":"publish","type":"post","link":"https:\/\/www.macquero.com\/en\/2021\/03\/estreno-hoy-si-yes-day\/","title":{"rendered":"\u00a1Hoy s\u00ed! &#8211; Yes Day."},"content":{"rendered":"<p><strong>Puntuaci\u00f3n:<\/strong>&nbsp;&#x2b50;&#xfe0f;&#x2b50;&#xfe0f;&#x2b50;&#xfe0f;<\/p>\n\n\n\n<p>Hoy es viernes, y hoy es el d\u00eda. Jennifer Garner&nbsp;protagoniza&nbsp;Hoy s\u00ed, la nueva comedia de&nbsp;Netflix. Dirigida por el puertorrique\u00f1o&nbsp;Miguel Arteta. <\/p>\n\n\n\n<p>La cinta apta para todas las edades sigue a los Torres, una familia com\u00fan y corriente donde Allison (<a rel=\"noreferrer noopener\" aria-label=\"Jennifer Garner (opens in a new tab)\" href=\"https:\/\/www.instagram.com\/jennifer.garner\/\" target=\"_blank\"><strong>Jennifer Garner<\/strong><\/a>) y Carlos (<a rel=\"noreferrer noopener\" aria-label=\"\u00c9dgar Ram\u00edrez (opens in a new tab)\" href=\"https:\/\/www.instagram.com\/edgarramirez25\" target=\"_blank\"><strong>\u00c9dgar Ram\u00edrez<\/strong><\/a>), est\u00e1n tan comprometidos con sus trabajos y carrera profesionales que tienen poco tiempo para destinar a algunas actividades con sus hijos.<\/p>\n\n\n\n<p>Al elenco se suman las interpretaciones de&nbsp;<a href=\"https:\/\/www.instagram.com\/jennaortega\/\" target=\"_blank\" rel=\"noreferrer noopener\" aria-label=\"Jenna Ortega (opens in a new tab)\"><strong>Jenna Ortega<\/strong><\/a> (Katie),&nbsp;<a href=\"https:\/\/www.instagram.com\/julianlerner\" target=\"_blank\" rel=\"noreferrer noopener\" aria-label=\"Julian Lerner (opens in a new tab)\"><strong>Julian Lerner<\/strong><\/a> (Nando)&nbsp;y&nbsp;<a href=\"https:\/\/www.instagram.com\/everlyeverywhere\" target=\"_blank\" rel=\"noreferrer noopener\" aria-label=\"Everly Carganilla (opens in a new tab)\"><strong>Everly Carganilla<\/strong><\/a>&nbsp;(Ellie).&nbsp;<\/p>\n\n\n\n<h3 class=\"wp-block-heading\">Valoraci\u00f3n<\/h3>\n\n\n\n<p>Ser\u00e9 honesto. Los primeros minutos son simp\u00e1ticos, pero la verdadera acci\u00f3n y momentos divertidos se dan transcurridas algunas secuencias claves. A medida que transcurre el resto del metraje, se pone algo fastidiosa. Sin embargo la encontramos bonita.   <\/p>","protected":false},"excerpt":{"rendered":"<p>Puntuaci\u00f3n:&nbsp;&#x2b50;&#xfe0f;&#x2b50;&#xfe0f;&#x2b50;&#xfe0f; Hoy es viernes, y hoy es el d\u00eda. Jennifer Garner&nbsp;protagoniza&nbsp;Hoy s\u00ed, la nueva comedia de&nbsp;Netflix. Dirigida por el puertorrique\u00f1o&nbsp;Miguel Arteta. La cinta apta para todas las edades sigue a los Torres, una familia com\u00fan y corriente donde Allison (Jennifer Garner) y Carlos (\u00c9dgar Ram\u00edrez), est\u00e1n tan comprometidos con sus trabajos y carrera profesionales que &hellip;<\/p>","protected":false},"author":2,"featured_media":12216,"comment_status":"closed","ping_status":"closed","sticky":false,"template":"","format":"standard","meta":{"jetpack_post_was_ever_published":false,"_jetpack_newsletter_access":"","_jetpack_dont_email_post_to_subs":false,"_jetpack_newsletter_tier_id":0,"_jetpack_memberships_contains_paywalled_content":false,"_jetpack_memberships_contains_paid_content":false,"footnotes":"","jetpack_publicize_message":"","jetpack_publicize_feature_enabled":true,"jetpack_social_post_already_shared":true,"jetpack_social_options":{"image_generator_settings":{"template":"highway","default_image_id":0,"font":"","enabled":false},"version":2}},"categories":[733,766],"tags":[453],"class_list":["post-12213","post","type-post","status-publish","format-standard","has-post-thumbnail","hentry","category-originales-de-netflix","category-cine-netflix","tag-para-toda-la-familia"],"jetpack_publicize_connections":[],"jetpack_featured_media_url":"https:\/\/www.macquero.com\/wp-content\/uploads\/2021\/03\/www.macquero.com-estreno-hoy-si-yes-day-si.jpg","jetpack_sharing_enabled":true,"_links":{"self":[{"href":"https:\/\/www.macquero.com\/en\/wp-json\/wp\/v2\/posts\/12213","targetHints":{"allow":["GET"]}}],"collection":[{"href":"https:\/\/www.macquero.com\/en\/wp-json\/wp\/v2\/posts"}],"about":[{"href":"https:\/\/www.macquero.com\/en\/wp-json\/wp\/v2\/types\/post"}],"author":[{"embeddable":true,"href":"https:\/\/www.macquero.com\/en\/wp-json\/wp\/v2\/users\/2"}],"replies":[{"embeddable":true,"href":"https:\/\/www.macquero.com\/en\/wp-json\/wp\/v2\/comments?post=12213"}],"version-history":[{"count":3,"href":"https:\/\/www.macquero.com\/en\/wp-json\/wp\/v2\/posts\/12213\/revisions"}],"predecessor-version":[{"id":14980,"href":"https:\/\/www.macquero.com\/en\/wp-json\/wp\/v2\/posts\/12213\/revisions\/14980"}],"wp:featuredmedia":[{"embeddable":true,"href":"https:\/\/www.macquero.com\/en\/wp-json\/wp\/v2\/media\/12216"}],"wp:attachment":[{"href":"https:\/\/www.macquero.com\/en\/wp-json\/wp\/v2\/media?parent=12213"}],"wp:term":[{"taxonomy":"category","embeddable":true,"href":"https:\/\/www.macquero.com\/en\/wp-json\/wp\/v2\/categories?post=12213"},{"taxonomy":"post_tag","embeddable":true,"href":"https:\/\/www.macquero.com\/en\/wp-json\/wp\/v2\/tags?post=12213"}],"curies":[{"name":"wp","href":"https:\/\/api.w.org\/{rel}","templated":true}]}}