{"id":12177,"date":"2021-03-01T03:25:35","date_gmt":"2021-03-01T09:25:35","guid":{"rendered":"http:\/\/www.macquero.com\/?p=12177"},"modified":"2021-10-28T04:49:42","modified_gmt":"2021-10-28T09:49:42","slug":"karate-kid-1-2-y-3","status":"publish","type":"post","link":"https:\/\/www.macquero.com\/en\/2021\/03\/karate-kid-1-2-y-3\/","title":{"rendered":"Karate Kid 1, 2, y 3."},"content":{"rendered":"<p>Puntuaci\u00f3n: &#x2b50;&#x2b50;&#x2b50;<\/p>\n\n\n\n<p>Ya est\u00e1n aqu\u00ed las 3 pel\u00edculas que ten\u00edan que haber estado cu\u00e1ndo se estren\u00f3 <a rel=\"noreferrer noopener\" aria-label=\"Cobra Kai (opens in a new tab)\" href=\"\/en\/2020\/08\/estreno-cobra-kai-1-2\/\" target=\"_blank\"><strong>Cobra Kai<\/strong><\/a>, m\u00e1s que todo para las nuevas generaciones, un recorrido necesario, d\u00f3nde se muestra la historia de Daniel Larusso (<strong>Ralph Macchio<\/strong>) y el Sr. Miyagi (<strong>Pat Morita<\/strong>).<\/p>","protected":false},"excerpt":{"rendered":"<p>Puntuaci\u00f3n: &#x2b50;&#x2b50;&#x2b50; Ya est\u00e1n aqu\u00ed las 3 pel\u00edculas que ten\u00edan que haber estado cu\u00e1ndo se estren\u00f3 Cobra Kai, m\u00e1s que todo para las nuevas generaciones, un recorrido necesario, d\u00f3nde se muestra la historia de Daniel Larusso (Ralph Macchio) y el Sr. Miyagi (Pat Morita).<\/p>","protected":false},"author":2,"featured_media":12179,"comment_status":"closed","ping_status":"closed","sticky":false,"template":"","format":"standard","meta":{"jetpack_post_was_ever_published":false,"_jetpack_newsletter_access":"","_jetpack_dont_email_post_to_subs":false,"_jetpack_newsletter_tier_id":0,"_jetpack_memberships_contains_paywalled_content":false,"_jetpack_memberships_contains_paid_content":false,"footnotes":"","jetpack_publicize_message":"","jetpack_publicize_feature_enabled":true,"jetpack_social_post_already_shared":true,"jetpack_social_options":{"image_generator_settings":{"template":"highway","default_image_id":0,"font":"","enabled":false},"version":2}},"categories":[1007,697],"tags":[779],"class_list":["post-12177","post","type-post","status-publish","format-standard","has-post-thumbnail","hentry","category-avances","category-retro1","tag-emocionante"],"jetpack_publicize_connections":[],"jetpack_featured_media_url":"https:\/\/www.macquero.com\/wp-content\/uploads\/2021\/03\/www.macquero.com-karate-kid-1-2-y-3-ki.jpg","jetpack_sharing_enabled":true,"_links":{"self":[{"href":"https:\/\/www.macquero.com\/en\/wp-json\/wp\/v2\/posts\/12177","targetHints":{"allow":["GET"]}}],"collection":[{"href":"https:\/\/www.macquero.com\/en\/wp-json\/wp\/v2\/posts"}],"about":[{"href":"https:\/\/www.macquero.com\/en\/wp-json\/wp\/v2\/types\/post"}],"author":[{"embeddable":true,"href":"https:\/\/www.macquero.com\/en\/wp-json\/wp\/v2\/users\/2"}],"replies":[{"embeddable":true,"href":"https:\/\/www.macquero.com\/en\/wp-json\/wp\/v2\/comments?post=12177"}],"version-history":[{"count":3,"href":"https:\/\/www.macquero.com\/en\/wp-json\/wp\/v2\/posts\/12177\/revisions"}],"predecessor-version":[{"id":15519,"href":"https:\/\/www.macquero.com\/en\/wp-json\/wp\/v2\/posts\/12177\/revisions\/15519"}],"wp:featuredmedia":[{"embeddable":true,"href":"https:\/\/www.macquero.com\/en\/wp-json\/wp\/v2\/media\/12179"}],"wp:attachment":[{"href":"https:\/\/www.macquero.com\/en\/wp-json\/wp\/v2\/media?parent=12177"}],"wp:term":[{"taxonomy":"category","embeddable":true,"href":"https:\/\/www.macquero.com\/en\/wp-json\/wp\/v2\/categories?post=12177"},{"taxonomy":"post_tag","embeddable":true,"href":"https:\/\/www.macquero.com\/en\/wp-json\/wp\/v2\/tags?post=12177"}],"curies":[{"name":"wp","href":"https:\/\/api.w.org\/{rel}","templated":true}]}}