{"id":12083,"date":"2021-02-12T00:10:41","date_gmt":"2021-02-12T06:10:41","guid":{"rendered":"http:\/\/www.macquero.com\/?p=12083"},"modified":"2021-02-13T01:00:02","modified_gmt":"2021-02-13T07:00:02","slug":"estreno-capitani","status":"publish","type":"post","link":"https:\/\/www.macquero.com\/en\/2021\/02\/estreno-capitani\/","title":{"rendered":"Estreno: Capitani."},"content":{"rendered":"<p>Una nueva serie de intriga y crimen llega a la plataforma desde el d\u00eda de ayer. <\/p>\n\n\n\n<h3 class=\"wp-block-heading\">Sipnosis<\/h3>\n\n\n\n<p>El misterio gu\u00eda a la recomendable&nbsp;serie&nbsp;luxemburguesa de Netflix. Un oficial forastero debe investigar la muerte de una adolescente en extra\u00f1as circunstancias. <\/p>\n\n\n\n<h3 class=\"wp-block-heading\">Valoraci\u00f3n<\/h3>\n\n\n\n<p>Cada episodio de 27 minutos aproximadamente, gira en torno a una adolescente de 15 a\u00f1os cuyo cuerpo es encontrado en el bosque que rodea Manscheid en la regi\u00f3n norte de Luxemburgo.<\/p>\n\n\n\n<figure class=\"wp-block-embed-youtube wp-block-embed is-type-video is-provider-youtube wp-embed-aspect-16-9 wp-has-aspect-ratio\"><div class=\"wp-block-embed__wrapper\">\n<span class=\"embed-youtube\" style=\"text-align:center; display: block;\"><iframe loading=\"lazy\" class=\"youtube-player\" width=\"640\" height=\"360\" src=\"https:\/\/www.youtube.com\/embed\/SoO35ftVtd4?version=3&#038;rel=1&#038;showsearch=0&#038;showinfo=1&#038;iv_load_policy=1&#038;fs=1&#038;hl=en-US&#038;autohide=2&#038;wmode=transparent\" allowfullscreen=\"true\" style=\"border:0;\" sandbox=\"allow-scripts allow-same-origin allow-popups allow-presentation allow-popups-to-escape-sandbox\"><\/iframe><\/span>\n<\/div><figcaption><strong>Tr\u00e1iler<\/strong><\/figcaption><\/figure>\n\n\n\n<p>El investigador Luc Capitani (<strong>Luc Schiltz<\/strong>) tiene la tarea de desenredar las mentiras de los pobladores, con ayuda de una oficial de polic\u00eda sin experiencia Elsa Ley (<a rel=\"noreferrer noopener\" aria-label=\"Sophie Mousel (opens in a new tab)\" href=\"https:\/\/www.instagram.com\/sophiemousel\" target=\"_blank\"><strong>Sophie Mousel<\/strong><\/a>).<\/p>\n\n\n\n<h3 class=\"wp-block-heading\">Valoraci\u00f3n<\/h3>\n\n\n\n<p>No deseo arruinarte la experiencia: se complica un poco, con algunos errores en el gui\u00f3n, y un final incompresible, cerrando la temporada de forma intempestiva. Esperaba un desenlace mejor.   <\/p>\n\n\n\n<h3 class=\"wp-block-heading\">Accesibilidad<\/h3>\n\n\n\n<p>Est\u00e1 doblada en espa\u00f1ol, en ingl\u00e9s (brit\u00e1nico) y en su idioma original luxemburgu\u00e9s. Posee subt\u00edtulos convincentes con su idioma original, pero pierde sincron\u00eda con el ingl\u00e9s brit\u00e1nico en algunas partes, de algunos di\u00e1logos. <\/p>","protected":false},"excerpt":{"rendered":"<p>Una nueva serie de intriga y crimen llega a la plataforma desde el d\u00eda de ayer. Sipnosis El misterio gu\u00eda a la recomendable&nbsp;serie&nbsp;luxemburguesa de Netflix. Un oficial forastero debe investigar la muerte de una adolescente en extra\u00f1as circunstancias. Valoraci\u00f3n Cada episodio de 27 minutos aproximadamente, gira en torno a una adolescente de 15 a\u00f1os cuyo &hellip;<\/p>","protected":false},"author":2,"featured_media":12086,"comment_status":"closed","ping_status":"closed","sticky":false,"template":"","format":"standard","meta":{"jetpack_post_was_ever_published":false,"_jetpack_newsletter_access":"","_jetpack_dont_email_post_to_subs":false,"_jetpack_newsletter_tier_id":0,"_jetpack_memberships_contains_paywalled_content":false,"_jetpack_memberships_contains_paid_content":false,"footnotes":"","jetpack_publicize_message":"","jetpack_publicize_feature_enabled":true,"jetpack_social_post_already_shared":true,"jetpack_social_options":{"image_generator_settings":{"template":"highway","default_image_id":0,"font":"","enabled":false},"version":2}},"categories":[872,731,732],"tags":[893],"class_list":["post-12083","post","type-post","status-publish","format-standard","has-post-thumbnail","hentry","category-calendario-netflix","category-estrenos-y-lanzamientos","category-series","tag-dramas-de-tv-sobre-crimen"],"jetpack_publicize_connections":[],"jetpack_featured_media_url":"https:\/\/www.macquero.com\/wp-content\/uploads\/2021\/02\/www.macquero.com-estreno-capitani-ta.jpg","jetpack_sharing_enabled":true,"_links":{"self":[{"href":"https:\/\/www.macquero.com\/en\/wp-json\/wp\/v2\/posts\/12083","targetHints":{"allow":["GET"]}}],"collection":[{"href":"https:\/\/www.macquero.com\/en\/wp-json\/wp\/v2\/posts"}],"about":[{"href":"https:\/\/www.macquero.com\/en\/wp-json\/wp\/v2\/types\/post"}],"author":[{"embeddable":true,"href":"https:\/\/www.macquero.com\/en\/wp-json\/wp\/v2\/users\/2"}],"replies":[{"embeddable":true,"href":"https:\/\/www.macquero.com\/en\/wp-json\/wp\/v2\/comments?post=12083"}],"version-history":[{"count":5,"href":"https:\/\/www.macquero.com\/en\/wp-json\/wp\/v2\/posts\/12083\/revisions"}],"predecessor-version":[{"id":12096,"href":"https:\/\/www.macquero.com\/en\/wp-json\/wp\/v2\/posts\/12083\/revisions\/12096"}],"wp:featuredmedia":[{"embeddable":true,"href":"https:\/\/www.macquero.com\/en\/wp-json\/wp\/v2\/media\/12086"}],"wp:attachment":[{"href":"https:\/\/www.macquero.com\/en\/wp-json\/wp\/v2\/media?parent=12083"}],"wp:term":[{"taxonomy":"category","embeddable":true,"href":"https:\/\/www.macquero.com\/en\/wp-json\/wp\/v2\/categories?post=12083"},{"taxonomy":"post_tag","embeddable":true,"href":"https:\/\/www.macquero.com\/en\/wp-json\/wp\/v2\/tags?post=12083"}],"curies":[{"name":"wp","href":"https:\/\/api.w.org\/{rel}","templated":true}]}}