{"id":12077,"date":"2021-02-11T00:10:19","date_gmt":"2021-02-11T06:10:19","guid":{"rendered":"http:\/\/www.macquero.com\/?p=12077"},"modified":"2021-11-25T22:00:46","modified_gmt":"2021-11-26T04:00:46","slug":"estreno-escena-del-crimen-desaparicion-en-el-hotel-cecil","status":"publish","type":"post","link":"https:\/\/www.macquero.com\/en\/2021\/02\/estreno-escena-del-crimen-desaparicion-en-el-hotel-cecil\/","title":{"rendered":"Escena del crimen: Desaparici\u00f3n en el hotel Cecil."},"content":{"rendered":"<p>Puntuaci\u00f3n: &#x2b50;&#x2b50;&#x2b50;&#x2b50;<\/p>\n\n\n\n<p>Ayer se estren\u00f3 una serie documental basada en el caso real de una joven estudiante canadiense en Los \u00c1ngeles, California, que gener\u00f3 varias teor\u00edas conspirativas.<\/p>\n\n\n\n<p><strong>Escena del crimen: desaparici\u00f3n en el hotel Cecil&nbsp;<\/strong>est\u00e1 basado en la desaparici\u00f3n en 2013 de una estudiante de 21 a\u00f1os que visit\u00f3 Los Angeles durante unas vacaciones.<\/p>\n\n\n\n<p>Esta serie documental toma como punto de partida&nbsp;unas vacaciones&nbsp;que derivaron en uno de los cr\u00edmenes sin resolver m\u00e1s medi\u00e1ticos y misteriosos del mundo. <\/p>\n\n\n\n<p>Personalmente, la encontr\u00e9 llena de vicios y de falta de claridad. El veredicto: para m\u00ed, es indeterminado.   <br><\/p>","protected":false},"excerpt":{"rendered":"<p>Puntuaci\u00f3n: &#x2b50;&#x2b50;&#x2b50;&#x2b50; Ayer se estren\u00f3 una serie documental basada en el caso real de una joven estudiante canadiense en Los \u00c1ngeles, California, que gener\u00f3 varias teor\u00edas conspirativas. Escena del crimen: desaparici\u00f3n en el hotel Cecil&nbsp;est\u00e1 basado en la desaparici\u00f3n en 2013 de una estudiante de 21 a\u00f1os que visit\u00f3 Los Angeles durante unas vacaciones. Esta &hellip;<\/p>","protected":false},"author":2,"featured_media":12079,"comment_status":"closed","ping_status":"closed","sticky":false,"template":"","format":"standard","meta":{"jetpack_post_was_ever_published":false,"_jetpack_newsletter_access":"","_jetpack_dont_email_post_to_subs":false,"_jetpack_newsletter_tier_id":0,"_jetpack_memberships_contains_paywalled_content":false,"_jetpack_memberships_contains_paid_content":false,"footnotes":"","jetpack_publicize_message":"","jetpack_publicize_feature_enabled":true,"jetpack_social_post_already_shared":true,"jetpack_social_options":{"image_generator_settings":{"template":"highway","default_image_id":0,"font":"","enabled":false},"version":2}},"categories":[734,733],"tags":[933,834],"class_list":["post-12077","post","type-post","status-publish","format-standard","has-post-thumbnail","hentry","category-documentales","category-originales-de-netflix","tag-documentales-de-investigacion","tag-docuserie"],"jetpack_publicize_connections":[],"jetpack_featured_media_url":"https:\/\/www.macquero.com\/wp-content\/uploads\/2021\/02\/www.macquero.com-estreno-escena-del-crimen-desaparicion-en-el-hotel-cecil-ot.jpg","jetpack_sharing_enabled":true,"_links":{"self":[{"href":"https:\/\/www.macquero.com\/en\/wp-json\/wp\/v2\/posts\/12077","targetHints":{"allow":["GET"]}}],"collection":[{"href":"https:\/\/www.macquero.com\/en\/wp-json\/wp\/v2\/posts"}],"about":[{"href":"https:\/\/www.macquero.com\/en\/wp-json\/wp\/v2\/types\/post"}],"author":[{"embeddable":true,"href":"https:\/\/www.macquero.com\/en\/wp-json\/wp\/v2\/users\/2"}],"replies":[{"embeddable":true,"href":"https:\/\/www.macquero.com\/en\/wp-json\/wp\/v2\/comments?post=12077"}],"version-history":[{"count":3,"href":"https:\/\/www.macquero.com\/en\/wp-json\/wp\/v2\/posts\/12077\/revisions"}],"predecessor-version":[{"id":16048,"href":"https:\/\/www.macquero.com\/en\/wp-json\/wp\/v2\/posts\/12077\/revisions\/16048"}],"wp:featuredmedia":[{"embeddable":true,"href":"https:\/\/www.macquero.com\/en\/wp-json\/wp\/v2\/media\/12079"}],"wp:attachment":[{"href":"https:\/\/www.macquero.com\/en\/wp-json\/wp\/v2\/media?parent=12077"}],"wp:term":[{"taxonomy":"category","embeddable":true,"href":"https:\/\/www.macquero.com\/en\/wp-json\/wp\/v2\/categories?post=12077"},{"taxonomy":"post_tag","embeddable":true,"href":"https:\/\/www.macquero.com\/en\/wp-json\/wp\/v2\/tags?post=12077"}],"curies":[{"name":"wp","href":"https:\/\/api.w.org\/{rel}","templated":true}]}}