{"id":11954,"date":"2021-01-15T00:10:01","date_gmt":"2021-01-15T06:10:01","guid":{"rendered":"http:\/\/www.macquero.com\/?p=11954"},"modified":"2021-10-31T18:41:03","modified_gmt":"2021-11-01T00:41:03","slug":"dracula-la-leyenda-jamas-contada-dracula-untold","status":"publish","type":"post","link":"https:\/\/www.macquero.com\/en\/2021\/01\/dracula-la-leyenda-jamas-contada-dracula-untold\/","title":{"rendered":"Dr\u00e1cula: La leyenda jam\u00e1s contada. &#8211; Dracula Untold."},"content":{"rendered":"<p><strong>Puntuaci\u00f3n:<\/strong> &#x2b50;&#xfe0f;&#x2b50;&#xfe0f;&#x2b50;&#xfe0f;&#x2b50;&#xfe0f;&#x2b50;&#xfe0f;<\/p>\n\n\n\n<p>Entre las opciones de pel\u00edculas para volver a ver, que llegaron como estreno los primeros d\u00edas del mes de enero, se encuentra est\u00e1 incre\u00edble pel\u00edcula mezcla de horror y fantas\u00eda llena de efectos especiales sugerentes y muy atractivos.<\/p>\n\n\n\n<h3 class=\"wp-block-heading\">Sipnosis<\/h3>\n\n\n\n<p>La historia de Vlad Tepes, el pr\u00edncipe rumano que se convirti\u00f3 en el vampiro m\u00e1s famoso de todos los tiempos. <\/p>\n\n\n\n<p>La pel\u00edcula narra la tr\u00e1gica vida de Vlad (<a rel=\"noreferrer noopener\" aria-label=\"Luke Evans (opens in a new tab)\" href=\"https:\/\/www.instagram.com\/thereallukeevans\/\" target=\"_blank\"><strong>Luke Evans<\/strong><\/a>), los dilemas que tuvo que afrontar y c\u00f3mo se convirti\u00f3 en un vampiro.<\/p>\n\n\n\n<h3 class=\"wp-block-heading\">Valoraci\u00f3n<\/h3>\n\n\n\n<p>Los or\u00edgenes del mito se revelan en esta pel\u00edcula ambientada en los a\u00f1os de reinado de <strong>Vlad Tepes,<\/strong> pr\u00edncipe de Rumania que inspir\u00f3 la leyenda por sus peculiares m\u00e9todos para provocar el miedo entre su poblaci\u00f3n y sus enemigos. <\/p>\n\n\n\n<p>El personaje interpretado por Luke Evans, fue uno de los m\u00e1s terribles y s\u00e1dicos personajes de la Europa de los a\u00f1os 1456 hasta 1462, misma que inspir\u00f3 la cl\u00e1sica obra literaria de <strong>Bram Stoker<\/strong> mezclando el terror sobrenatural, las leyendas y las necesarias pinceladas de amor, para cautivar por completo.<\/p>\n\n\n\n<p>Mi excusa para volver a verla, es por la actriz que interpreta a Mina (<a rel=\"noreferrer noopener\" aria-label=\"Sarah Gadon (opens in a new tab)\" href=\"https:\/\/www.instagram.com\/sarahgadon\/\" target=\"_blank\"><strong>Sarah Gadon<\/strong><\/a>). &#x1f60d;<\/p>\n\n\n\n<p>Vilmente criticada por la cr\u00edtica especializada del sector, en mi opini\u00f3n es una de las historias m\u00e1s completas del g\u00e9nero, y est\u00e1 repleta de emocionantes escenas trepidantes de acci\u00f3n con horror a la mezcla. <\/p>\n\n\n\n<p>Puede ser una de las opciones a disfrutar de cara al inicio del fin de semana. <\/p>","protected":false},"excerpt":{"rendered":"<p>Puntuaci\u00f3n: &#x2b50;&#xfe0f;&#x2b50;&#xfe0f;&#x2b50;&#xfe0f;&#x2b50;&#xfe0f;&#x2b50;&#xfe0f; Entre las opciones de pel\u00edculas para volver a ver, que llegaron como estreno los primeros d\u00edas del mes de enero, se encuentra est\u00e1 incre\u00edble pel\u00edcula mezcla de horror y fantas\u00eda llena de efectos especiales sugerentes y muy atractivos. Sipnosis La historia de Vlad Tepes, el pr\u00edncipe rumano que se convirti\u00f3 en el vampiro &hellip;<\/p>","protected":false},"author":2,"featured_media":11957,"comment_status":"closed","ping_status":"closed","sticky":false,"template":"","format":"standard","meta":{"jetpack_post_was_ever_published":false,"_jetpack_newsletter_access":"","_jetpack_dont_email_post_to_subs":false,"_jetpack_newsletter_tier_id":0,"_jetpack_memberships_contains_paywalled_content":false,"_jetpack_memberships_contains_paid_content":false,"footnotes":"","jetpack_publicize_message":"","jetpack_publicize_feature_enabled":true,"jetpack_social_post_already_shared":true,"jetpack_social_options":{"image_generator_settings":{"template":"highway","default_image_id":0,"font":"","enabled":false},"version":2}},"categories":[766],"tags":[682,856,779],"class_list":["post-11954","post","type-post","status-publish","format-standard","has-post-thumbnail","hentry","category-cine-netflix","tag-accion-y-aventura","tag-ciencia-ficcion-y-fantasia","tag-emocionante"],"jetpack_publicize_connections":[],"jetpack_featured_media_url":"https:\/\/www.macquero.com\/wp-content\/uploads\/2021\/01\/www.macquero.com-dracula-la-leyenda-jamas-contada-dracula-untold-cu.jpg","jetpack_sharing_enabled":true,"_links":{"self":[{"href":"https:\/\/www.macquero.com\/en\/wp-json\/wp\/v2\/posts\/11954","targetHints":{"allow":["GET"]}}],"collection":[{"href":"https:\/\/www.macquero.com\/en\/wp-json\/wp\/v2\/posts"}],"about":[{"href":"https:\/\/www.macquero.com\/en\/wp-json\/wp\/v2\/types\/post"}],"author":[{"embeddable":true,"href":"https:\/\/www.macquero.com\/en\/wp-json\/wp\/v2\/users\/2"}],"replies":[{"embeddable":true,"href":"https:\/\/www.macquero.com\/en\/wp-json\/wp\/v2\/comments?post=11954"}],"version-history":[{"count":5,"href":"https:\/\/www.macquero.com\/en\/wp-json\/wp\/v2\/posts\/11954\/revisions"}],"predecessor-version":[{"id":15710,"href":"https:\/\/www.macquero.com\/en\/wp-json\/wp\/v2\/posts\/11954\/revisions\/15710"}],"wp:featuredmedia":[{"embeddable":true,"href":"https:\/\/www.macquero.com\/en\/wp-json\/wp\/v2\/media\/11957"}],"wp:attachment":[{"href":"https:\/\/www.macquero.com\/en\/wp-json\/wp\/v2\/media?parent=11954"}],"wp:term":[{"taxonomy":"category","embeddable":true,"href":"https:\/\/www.macquero.com\/en\/wp-json\/wp\/v2\/categories?post=11954"},{"taxonomy":"post_tag","embeddable":true,"href":"https:\/\/www.macquero.com\/en\/wp-json\/wp\/v2\/tags?post=11954"}],"curies":[{"name":"wp","href":"https:\/\/api.w.org\/{rel}","templated":true}]}}