{"id":11897,"date":"2021-01-04T00:10:33","date_gmt":"2021-01-04T06:10:33","guid":{"rendered":"http:\/\/www.macquero.com\/?p=11897"},"modified":"2021-01-03T22:32:39","modified_gmt":"2021-01-04T04:32:39","slug":"estreno-the-netflix-afterparty-january-2021","status":"publish","type":"post","link":"https:\/\/www.macquero.com\/en\/2021\/01\/estreno-the-netflix-afterparty-january-2021\/","title":{"rendered":"Estreno: The Netflix Afterparty. January 2021."},"content":{"rendered":"<p>Nuestra siguiente recomendaci\u00f3n es un programa de variedades qu\u00e9 al parecer fungir\u00e1 de manera concreta como un espacio de variedades con  entrevistas y revisiones (peri\u00f3dicas) acerca de series y pel\u00edculas en el marco de estrenos en la plataforma.<\/p>\n\n\n\n<p>La verdad no pensaba verlo, ya qu\u00e9 su estreno no fue exactamente para m\u00ed una novedad emocionante y la raz\u00f3n de mirarlo en esa ocasi\u00f3n fue: por <strong>&#8220;<\/strong><a href=\"\/en\/2020\/12\/estreno-the-netflix-afterparty-lo-mejor-del-peor-ano-the-netflix-afterparty-the-best-shows-of-the-worst-year\/\" target=\"_blank\" rel=\"noreferrer noopener\" aria-label=\"Emily in Paris (opens in a new tab)\"><strong>Emily in Paris<\/strong><\/a><strong>&#8220;<\/strong> una excusa para volver a ver a <strong><a href=\"https:\/\/www.instagram.com\/lilyjcollins\/\" target=\"_blank\" rel=\"noreferrer noopener\" aria-label=\"Lilly Collins (opens in a new tab)\">Lilly Collins<\/a><\/strong>.<\/p>\n\n\n\n<figure class=\"wp-block-embed-youtube wp-block-embed is-type-video is-provider-youtube wp-embed-aspect-16-9 wp-has-aspect-ratio\"><div class=\"wp-block-embed__wrapper\">\n<span class=\"embed-youtube\" style=\"text-align:center; display: block;\"><iframe loading=\"lazy\" class=\"youtube-player\" width=\"640\" height=\"360\" src=\"https:\/\/www.youtube.com\/embed\/RaroEoKiq_0?version=3&#038;rel=1&#038;showsearch=0&#038;showinfo=1&#038;iv_load_policy=1&#038;fs=1&#038;hl=en-US&#038;autohide=2&#038;wmode=transparent\" allowfullscreen=\"true\" style=\"border:0;\" sandbox=\"allow-scripts allow-same-origin allow-popups allow-presentation allow-popups-to-escape-sandbox\"><\/iframe><\/span>\n<\/div><figcaption><strong>Teaser<\/strong><\/figcaption><\/figure>\n\n\n\n<h3 class=\"wp-block-heading\">\u00bfPor qu\u00e9 verlo en enero?<\/h3>\n\n\n\n<p>Pues, parte del elenco de <a href=\"\/en\/2021\/01\/omg-omg-omg-cobra-kai-temporada-3-ya-esta-aqui-desde-el-1ero-de-enero-2021\/\" target=\"_blank\" rel=\"noreferrer noopener\" aria-label=\"Cobra Kai  (opens in a new tab)\"><strong>Cobra Kai <\/strong><\/a>forma parte del grupo de estrellas invitadas en el programa. En lo personal: encontr\u00e9 refrescante ver de nuevo a <strong>Elisabeth Shue<\/strong> (siempre bella y radiante). <strong>Pero no es la \u00fanica: <\/strong>tener la oportunidad de ver a la siempre bella: <a rel=\"noreferrer noopener\" aria-label=\"Mary Mouser (opens in a new tab)\" href=\"https:\/\/www.instagram.com\/missmarymmouser\/\" target=\"_blank\"><strong>Mary Mouser<\/strong><\/a> de 24 a\u00f1os de edad en el papel de (Samantha LaRusso) es un regalo que llena el alma.<\/p>\n\n\n\n<blockquote class=\"wp-block-quote is-layout-flow wp-block-quote-is-layout-flow\"><p>Si te preguntas, porque no te comparto el Instagram de <strong>Elizabeth Shue<\/strong>, es porque -ella misma- dijo no tener redes sociales. As\u00ed, qu\u00e9 ya lo sabes.  <\/p><\/blockquote>\n\n\n\n<p><strong>Para las chicas:<\/strong> <a rel=\"noreferrer noopener\" aria-label=\"Ralph Macchio (opens in a new tab)\" href=\"https:\/\/www.instagram.com\/ralph_macchio\/\" target=\"_blank\"><strong>Ralph Macchio<\/strong><\/a>, <a rel=\"noreferrer noopener\" aria-label=\"William Zabka (opens in a new tab)\" href=\"https:\/\/www.instagram.com\/william_zabka\" target=\"_blank\"><strong>William Zabka<\/strong><\/a>, <a rel=\"noreferrer noopener\" aria-label=\"Xolo Maridue\u00f1a (opens in a new tab)\" href=\"https:\/\/www.instagram.com\/xolo_mariduena\" target=\"_blank\"><strong>Xolo Maridue\u00f1a<\/strong><\/a> y <a rel=\"noreferrer noopener\" aria-label=\"Tanner Buchanan (opens in a new tab)\" href=\"https:\/\/www.instagram.com\/tannerbuchananofficial\/\" target=\"_blank\"><strong>Tanner Buchanan<\/strong><\/a> tambi\u00e9n forman parte del grupo de estrellas invitadas del talk show.<\/p>\n\n\n\n<p>El show <strong>THE<\/strong> <strong>NETFLIX AFTERPARTY<\/strong>, todav\u00eda no logra convencerme, y para m\u00ed, es culpa de los presentadores qu\u00e9 en mi opini\u00f3n no tienen ni una pizca de gracia. <\/p>","protected":false},"excerpt":{"rendered":"<p>Nuestra siguiente recomendaci\u00f3n es un programa de variedades qu\u00e9 al parecer fungir\u00e1 de manera concreta como un espacio de variedades con entrevistas y revisiones (peri\u00f3dicas) acerca de series y pel\u00edculas en el marco de estrenos en la plataforma. La verdad no pensaba verlo, ya qu\u00e9 su estreno no fue exactamente para m\u00ed una novedad emocionante &hellip;<\/p>","protected":false},"author":2,"featured_media":11899,"comment_status":"closed","ping_status":"closed","sticky":false,"template":"","format":"standard","meta":{"jetpack_post_was_ever_published":false,"_jetpack_newsletter_access":"","_jetpack_dont_email_post_to_subs":false,"_jetpack_newsletter_tier_id":0,"_jetpack_memberships_contains_paywalled_content":false,"_jetpack_memberships_contains_paid_content":false,"footnotes":"","jetpack_publicize_message":"","jetpack_publicize_feature_enabled":true,"jetpack_social_post_already_shared":true,"jetpack_social_options":{"image_generator_settings":{"template":"highway","default_image_id":0,"font":"","enabled":false},"version":2}},"categories":[872,731,733],"tags":[],"class_list":["post-11897","post","type-post","status-publish","format-standard","has-post-thumbnail","hentry","category-calendario-netflix","category-estrenos-y-lanzamientos","category-originales-de-netflix"],"jetpack_publicize_connections":[],"jetpack_featured_media_url":"https:\/\/www.macquero.com\/wp-content\/uploads\/2021\/01\/www.macquero.com-estreno-the-netflix-afterparty-january-2021-br.jpg","jetpack_sharing_enabled":true,"_links":{"self":[{"href":"https:\/\/www.macquero.com\/en\/wp-json\/wp\/v2\/posts\/11897","targetHints":{"allow":["GET"]}}],"collection":[{"href":"https:\/\/www.macquero.com\/en\/wp-json\/wp\/v2\/posts"}],"about":[{"href":"https:\/\/www.macquero.com\/en\/wp-json\/wp\/v2\/types\/post"}],"author":[{"embeddable":true,"href":"https:\/\/www.macquero.com\/en\/wp-json\/wp\/v2\/users\/2"}],"replies":[{"embeddable":true,"href":"https:\/\/www.macquero.com\/en\/wp-json\/wp\/v2\/comments?post=11897"}],"version-history":[{"count":5,"href":"https:\/\/www.macquero.com\/en\/wp-json\/wp\/v2\/posts\/11897\/revisions"}],"predecessor-version":[{"id":11904,"href":"https:\/\/www.macquero.com\/en\/wp-json\/wp\/v2\/posts\/11897\/revisions\/11904"}],"wp:featuredmedia":[{"embeddable":true,"href":"https:\/\/www.macquero.com\/en\/wp-json\/wp\/v2\/media\/11899"}],"wp:attachment":[{"href":"https:\/\/www.macquero.com\/en\/wp-json\/wp\/v2\/media?parent=11897"}],"wp:term":[{"taxonomy":"category","embeddable":true,"href":"https:\/\/www.macquero.com\/en\/wp-json\/wp\/v2\/categories?post=11897"},{"taxonomy":"post_tag","embeddable":true,"href":"https:\/\/www.macquero.com\/en\/wp-json\/wp\/v2\/tags?post=11897"}],"curies":[{"name":"wp","href":"https:\/\/api.w.org\/{rel}","templated":true}]}}