{"id":11877,"date":"2021-01-01T08:59:15","date_gmt":"2021-01-01T14:59:15","guid":{"rendered":"http:\/\/www.macquero.com\/?p=11877"},"modified":"2021-10-25T23:55:41","modified_gmt":"2021-10-26T04:55:41","slug":"omg-omg-omg-cobra-kai-temporada-3-ya-esta-aqui-desde-el-1ero-de-enero-2021","status":"publish","type":"post","link":"https:\/\/www.macquero.com\/en\/2021\/01\/omg-omg-omg-cobra-kai-temporada-3-ya-esta-aqui-desde-el-1ero-de-enero-2021\/","title":{"rendered":"OMG!, OMG!, OMG! Cobra Kai. Temporada 3. Ya est\u00e1 aqu\u00ed, desde el 1ero de enero 2021."},"content":{"rendered":"<p>Puntuaci\u00f3n: &#x2b50;&#x2b50;&#x2b50;&#x2b50;&#x2b50;<\/p>\n\n\n\n<p>La temporada lleg\u00f3 para preparar lo qu\u00e9 ser\u00e1 <strong>su cuarta entrega. <\/strong><\/p>\n\n\n\n<p>Cobra Kai&nbsp;toma lugar justo treinta y cuatro a\u00f1os despu\u00e9s de la pel\u00edcula original,&nbsp;Karate Kid.<\/p>\n\n\n\n<p>El estreno de la era entrega rompi\u00f3 records de audiencia en la plataforma y ya cuenta <strong>con una calificaci\u00f3n por parte de la cr\u00edtica especializada del sector. <\/strong><\/p>\n\n\n\n<p>Recordemos qu\u00e9 la narrativa se centra de manera fundamental en los personajes de&nbsp;<strong>Johnny Lawrance<\/strong>&nbsp;(William Zabka) y&nbsp;<strong>Daniel Larusso<\/strong>&nbsp;(Ralph Macchio). Ahora que el tiempo ha pasado y nuevas generaciones han llegado, los caminos de ambos personajes finalmente asumen una postura esperada por los fans. Algo, nunca visto. Qu\u00e9 ciertamente sorprende de muchas maneras, y qu\u00e9 solo la madurez y sensatez los llevar\u00e1 hacia un nuevo camino.<\/p>\n\n\n\n<h3 class=\"wp-block-heading\">Un par\u00e9ntesis<\/h3>\n\n\n\n<p>La aparici\u00f3n de <strong>Elisabeth Shue<\/strong> a sus 57 a\u00f1os de edad, me recuerda que el tiempo pasa y no se detiene y a\u00fan as\u00ed luce incre\u00edblemente seductora. Seguramente estar\u00e1s de acuerdo conmigo.<\/p>\n\n\n\n<p>El episodio n\u00famero 5 llamado <strong>Miyagi-Do<\/strong> es sorprendentemente revelador y significativo, &#8220;bien construido&#8221; y esencial para el desarrollo de la historia. Si a\u00fan no la has visto, no diremos m\u00e1s. <\/p>\n\n\n\n<p>Qu\u00e9 gran regalo nos hizo Netflix con est\u00e1 nueva entrega, llena de aspectos fant\u00e1sticos, nobles y sorprendentemente humanos.<\/p>\n\n\n\n<p>Si tienes los ojos como los de una lechuza, es porque seguramente no has dormido como nosotros. \u00a1Feliz a\u00f1o 2021! queridos lectores.<\/p>\n\n\n\n<p>Est\u00e1 es otra de mis series favoritas.   <\/p>","protected":false},"excerpt":{"rendered":"<p>Puntuaci\u00f3n: &#x2b50;&#x2b50;&#x2b50;&#x2b50;&#x2b50; La temporada lleg\u00f3 para preparar lo qu\u00e9 ser\u00e1 su cuarta entrega. Cobra Kai&nbsp;toma lugar justo treinta y cuatro a\u00f1os despu\u00e9s de la pel\u00edcula original,&nbsp;Karate Kid. El estreno de la era entrega rompi\u00f3 records de audiencia en la plataforma y ya cuenta con una calificaci\u00f3n por parte de la cr\u00edtica especializada del sector. Recordemos &hellip;<\/p>","protected":false},"author":2,"featured_media":11880,"comment_status":"closed","ping_status":"closed","sticky":false,"template":"","format":"standard","meta":{"jetpack_post_was_ever_published":false,"_jetpack_newsletter_access":"","_jetpack_dont_email_post_to_subs":false,"_jetpack_newsletter_tier_id":0,"_jetpack_memberships_contains_paywalled_content":false,"_jetpack_memberships_contains_paid_content":false,"footnotes":"","jetpack_publicize_message":"","jetpack_publicize_feature_enabled":true,"jetpack_social_post_already_shared":true,"jetpack_social_options":{"image_generator_settings":{"template":"highway","default_image_id":0,"font":"","enabled":false},"version":2}},"categories":[732],"tags":[801,779],"class_list":["post-11877","post","type-post","status-publish","format-standard","has-post-thumbnail","hentry","category-series","tag-drama-juvenil","tag-emocionante"],"jetpack_publicize_connections":[],"jetpack_featured_media_url":"https:\/\/www.macquero.com\/wp-content\/uploads\/2021\/01\/www.macquero.com-omg-omg-omg-cobra-kai-temporada-3-ya-esta-aqui-desde-el-1ero-de-enero-2021-co.jpg","jetpack_sharing_enabled":true,"_links":{"self":[{"href":"https:\/\/www.macquero.com\/en\/wp-json\/wp\/v2\/posts\/11877","targetHints":{"allow":["GET"]}}],"collection":[{"href":"https:\/\/www.macquero.com\/en\/wp-json\/wp\/v2\/posts"}],"about":[{"href":"https:\/\/www.macquero.com\/en\/wp-json\/wp\/v2\/types\/post"}],"author":[{"embeddable":true,"href":"https:\/\/www.macquero.com\/en\/wp-json\/wp\/v2\/users\/2"}],"replies":[{"embeddable":true,"href":"https:\/\/www.macquero.com\/en\/wp-json\/wp\/v2\/comments?post=11877"}],"version-history":[{"count":4,"href":"https:\/\/www.macquero.com\/en\/wp-json\/wp\/v2\/posts\/11877\/revisions"}],"predecessor-version":[{"id":14861,"href":"https:\/\/www.macquero.com\/en\/wp-json\/wp\/v2\/posts\/11877\/revisions\/14861"}],"wp:featuredmedia":[{"embeddable":true,"href":"https:\/\/www.macquero.com\/en\/wp-json\/wp\/v2\/media\/11880"}],"wp:attachment":[{"href":"https:\/\/www.macquero.com\/en\/wp-json\/wp\/v2\/media?parent=11877"}],"wp:term":[{"taxonomy":"category","embeddable":true,"href":"https:\/\/www.macquero.com\/en\/wp-json\/wp\/v2\/categories?post=11877"},{"taxonomy":"post_tag","embeddable":true,"href":"https:\/\/www.macquero.com\/en\/wp-json\/wp\/v2\/tags?post=11877"}],"curies":[{"name":"wp","href":"https:\/\/api.w.org\/{rel}","templated":true}]}}