{"id":11772,"date":"2020-12-12T13:05:04","date_gmt":"2020-12-12T19:05:04","guid":{"rendered":"http:\/\/www.macquero.com\/?p=11772"},"modified":"2020-12-12T13:07:49","modified_gmt":"2020-12-12T19:07:49","slug":"el-asistente-de-google-activa-su-nuevo-diseno-para-todos","status":"publish","type":"post","link":"https:\/\/www.macquero.com\/en\/2020\/12\/el-asistente-de-google-activa-su-nuevo-diseno-para-todos\/","title":{"rendered":"El asistente de Google activa su nuevo dise\u00f1o para todos."},"content":{"rendered":"<p>El nuevo asistente ya comienza a dejarse ver en los diferentes terminales con Android. Pero llega tras actualizarse en color claro. Independientemente si el modo obscuro se encuentra activo.<\/p>\n\n\n\n<figure class=\"wp-block-image size-large\"><img loading=\"lazy\" decoding=\"async\" width=\"1080\" height=\"870\" src=\"\/wp-content\/uploads\/2020\/12\/www.macquero.com-www.macquero.com-img_20201212_145915.jpg\" alt=\"\" class=\"wp-image-11770\" srcset=\"https:\/\/www.macquero.com\/wp-content\/uploads\/2020\/12\/www.macquero.com-www.macquero.com-img_20201212_145915.jpg 1080w, https:\/\/www.macquero.com\/wp-content\/uploads\/2020\/12\/www.macquero.com-www.macquero.com-img_20201212_145915-620x499.jpg 620w, https:\/\/www.macquero.com\/wp-content\/uploads\/2020\/12\/www.macquero.com-www.macquero.com-img_20201212_145915-940x757.jpg 940w, https:\/\/www.macquero.com\/wp-content\/uploads\/2020\/12\/www.macquero.com-www.macquero.com-img_20201212_145915-300x242.jpg 300w, https:\/\/www.macquero.com\/wp-content\/uploads\/2020\/12\/www.macquero.com-www.macquero.com-img_20201212_145915-768x619.jpg 768w, https:\/\/www.macquero.com\/wp-content\/uploads\/2020\/12\/www.macquero.com-www.macquero.com-img_20201212_145915-80x64.jpg 80w\" sizes=\"auto, (max-width: 1080px) 100vw, 1080px\" \/><\/figure>\n\n\n\n<p>Para activar el modo obscuro es sencillo.<\/p>\n\n\n\n<ul class=\"wp-block-list\"><li>Escoge la opci\u00f3n &#8220;m\u00e1s&#8221;&#8230; Al final del asistente.<\/li><li>Seguidamente de &#8220;configuraci\u00f3n&#8221;<\/li><li>De manera posterior la opci\u00f3n &#8220;general&#8221;.<\/li><li>Tema.<\/li><\/ul>\n\n\n\n<p>Escoge oscuro. \u00a1Listo!<br>De nada.<\/p>\n\n\n\n<p><\/p>","protected":false},"excerpt":{"rendered":"<p>El nuevo asistente ya comienza a dejarse ver en los diferentes terminales con Android. Pero llega tras actualizarse en color claro. Independientemente si el modo obscuro se encuentra activo. Para activar el modo obscuro es sencillo. Escoge la opci\u00f3n &#8220;m\u00e1s&#8221;&#8230; Al final del asistente.Seguidamente de &#8220;configuraci\u00f3n&#8221;De manera posterior la opci\u00f3n &#8220;general&#8221;.Tema. Escoge oscuro. \u00a1Listo!De nada.<\/p>","protected":false},"author":2,"featured_media":11771,"comment_status":"closed","ping_status":"closed","sticky":false,"template":"","format":"standard","meta":{"jetpack_post_was_ever_published":false,"_jetpack_newsletter_access":"","_jetpack_dont_email_post_to_subs":false,"_jetpack_newsletter_tier_id":0,"_jetpack_memberships_contains_paywalled_content":false,"_jetpack_memberships_contains_paid_content":false,"footnotes":"","jetpack_publicize_message":"","jetpack_publicize_feature_enabled":true,"jetpack_social_post_already_shared":true,"jetpack_social_options":{"image_generator_settings":{"template":"highway","default_image_id":0,"font":"","enabled":false},"version":2}},"categories":[921],"tags":[286],"class_list":["post-11772","post","type-post","status-publish","format-standard","has-post-thumbnail","hentry","category-android","tag-novedades"],"jetpack_publicize_connections":[],"jetpack_featured_media_url":"https:\/\/www.macquero.com\/wp-content\/uploads\/2020\/12\/www.macquero.com-www.macquero.com-img_20201212_150340.jpg","jetpack_sharing_enabled":true,"_links":{"self":[{"href":"https:\/\/www.macquero.com\/en\/wp-json\/wp\/v2\/posts\/11772","targetHints":{"allow":["GET"]}}],"collection":[{"href":"https:\/\/www.macquero.com\/en\/wp-json\/wp\/v2\/posts"}],"about":[{"href":"https:\/\/www.macquero.com\/en\/wp-json\/wp\/v2\/types\/post"}],"author":[{"embeddable":true,"href":"https:\/\/www.macquero.com\/en\/wp-json\/wp\/v2\/users\/2"}],"replies":[{"embeddable":true,"href":"https:\/\/www.macquero.com\/en\/wp-json\/wp\/v2\/comments?post=11772"}],"version-history":[{"count":1,"href":"https:\/\/www.macquero.com\/en\/wp-json\/wp\/v2\/posts\/11772\/revisions"}],"predecessor-version":[{"id":11773,"href":"https:\/\/www.macquero.com\/en\/wp-json\/wp\/v2\/posts\/11772\/revisions\/11773"}],"wp:featuredmedia":[{"embeddable":true,"href":"https:\/\/www.macquero.com\/en\/wp-json\/wp\/v2\/media\/11771"}],"wp:attachment":[{"href":"https:\/\/www.macquero.com\/en\/wp-json\/wp\/v2\/media?parent=11772"}],"wp:term":[{"taxonomy":"category","embeddable":true,"href":"https:\/\/www.macquero.com\/en\/wp-json\/wp\/v2\/categories?post=11772"},{"taxonomy":"post_tag","embeddable":true,"href":"https:\/\/www.macquero.com\/en\/wp-json\/wp\/v2\/tags?post=11772"}],"curies":[{"name":"wp","href":"https:\/\/api.w.org\/{rel}","templated":true}]}}