{"id":11704,"date":"2020-12-07T00:10:21","date_gmt":"2020-12-07T06:10:21","guid":{"rendered":"http:\/\/www.macquero.com\/?p=11704"},"modified":"2021-10-31T18:55:16","modified_gmt":"2021-11-01T00:55:16","slug":"estreno-s-w-a-t-operacion-especial-2","status":"publish","type":"post","link":"https:\/\/www.macquero.com\/en\/2020\/12\/estreno-s-w-a-t-operacion-especial-2\/","title":{"rendered":"S.W.A.T.: Operaci\u00f3n especial 2."},"content":{"rendered":"<p><strong>Puntuaci\u00f3n:<\/strong> &#x2b50;&#xfe0f;&#x2b50;&#xfe0f;&#x2b50;&#xfe0f; <\/p>\n\n\n\n<p>Nuestra siguiente recomendaci\u00f3n es una pel\u00edcula del g\u00e9nero acci\u00f3n, qu\u00e9 te puede interesar.<\/p>\n\n\n\n<p>No supera las escenas de acci\u00f3n de la primera pel\u00edcula, qu\u00e9 adem\u00e1s tiene un reparto de reconocidas estrellas de Hollywood. Sin embargo a vista de p\u00e1jaro aunque maneje escenas de bajo presupuesto, tiene varias escenas llenas de emoci\u00f3n. <\/p>\n\n\n\n<p>\u00bfPor qu\u00e9 la vi de nuevo? Pues por: <a rel=\"noreferrer noopener\" aria-label=\"Carly Pope) (opens in a new tab)\" href=\"https:\/\/www.instagram.com\/popefan1\" target=\"_blank\"><strong>Carly Pope<\/strong><\/a>. &#x1f918;&#x1f61c;<\/p>","protected":false},"excerpt":{"rendered":"<p>Puntuaci\u00f3n: &#x2b50;&#xfe0f;&#x2b50;&#xfe0f;&#x2b50;&#xfe0f; Nuestra siguiente recomendaci\u00f3n es una pel\u00edcula del g\u00e9nero acci\u00f3n, qu\u00e9 te puede interesar. No supera las escenas de acci\u00f3n de la primera pel\u00edcula, qu\u00e9 adem\u00e1s tiene un reparto de reconocidas estrellas de Hollywood. Sin embargo a vista de p\u00e1jaro aunque maneje escenas de bajo presupuesto, tiene varias escenas llenas de emoci\u00f3n. \u00bfPor qu\u00e9 &hellip;<\/p>","protected":false},"author":2,"featured_media":11707,"comment_status":"closed","ping_status":"closed","sticky":false,"template":"","format":"standard","meta":{"jetpack_post_was_ever_published":false,"_jetpack_newsletter_access":"","_jetpack_dont_email_post_to_subs":false,"_jetpack_newsletter_tier_id":0,"_jetpack_memberships_contains_paywalled_content":false,"_jetpack_memberships_contains_paid_content":false,"footnotes":"","jetpack_publicize_message":"","jetpack_publicize_feature_enabled":true,"jetpack_social_post_already_shared":true,"jetpack_social_options":{"image_generator_settings":{"template":"highway","default_image_id":0,"font":"","enabled":false},"version":2}},"categories":[766],"tags":[682,907],"class_list":["post-11704","post","type-post","status-publish","format-standard","has-post-thumbnail","hentry","category-cine-netflix","tag-accion-y-aventura","tag-energico"],"jetpack_publicize_connections":[],"jetpack_featured_media_url":"https:\/\/www.macquero.com\/wp-content\/uploads\/2020\/12\/www.macquero.com-estreno-s-w-a-t-operacion-especial-2-sw.jpg","jetpack_sharing_enabled":true,"_links":{"self":[{"href":"https:\/\/www.macquero.com\/en\/wp-json\/wp\/v2\/posts\/11704","targetHints":{"allow":["GET"]}}],"collection":[{"href":"https:\/\/www.macquero.com\/en\/wp-json\/wp\/v2\/posts"}],"about":[{"href":"https:\/\/www.macquero.com\/en\/wp-json\/wp\/v2\/types\/post"}],"author":[{"embeddable":true,"href":"https:\/\/www.macquero.com\/en\/wp-json\/wp\/v2\/users\/2"}],"replies":[{"embeddable":true,"href":"https:\/\/www.macquero.com\/en\/wp-json\/wp\/v2\/comments?post=11704"}],"version-history":[{"count":4,"href":"https:\/\/www.macquero.com\/en\/wp-json\/wp\/v2\/posts\/11704\/revisions"}],"predecessor-version":[{"id":15715,"href":"https:\/\/www.macquero.com\/en\/wp-json\/wp\/v2\/posts\/11704\/revisions\/15715"}],"wp:featuredmedia":[{"embeddable":true,"href":"https:\/\/www.macquero.com\/en\/wp-json\/wp\/v2\/media\/11707"}],"wp:attachment":[{"href":"https:\/\/www.macquero.com\/en\/wp-json\/wp\/v2\/media?parent=11704"}],"wp:term":[{"taxonomy":"category","embeddable":true,"href":"https:\/\/www.macquero.com\/en\/wp-json\/wp\/v2\/categories?post=11704"},{"taxonomy":"post_tag","embeddable":true,"href":"https:\/\/www.macquero.com\/en\/wp-json\/wp\/v2\/tags?post=11704"}],"curies":[{"name":"wp","href":"https:\/\/api.w.org\/{rel}","templated":true}]}}