{"id":11688,"date":"2020-12-04T00:10:02","date_gmt":"2020-12-04T06:10:02","guid":{"rendered":"http:\/\/www.macquero.com\/?p=11688"},"modified":"2022-12-21T00:41:54","modified_gmt":"2022-12-21T06:41:54","slug":"estreno-la-nochebuena-es-mi-condena","status":"publish","type":"post","link":"https:\/\/www.macquero.com\/en\/2020\/12\/estreno-la-nochebuena-es-mi-condena\/","title":{"rendered":"La Nochebuena es mi condena."},"content":{"rendered":"<p><strong>Puntuaci\u00f3n:<\/strong> &#x2b50;&#xfe0f;&#x2b50;&#xfe0f;&#x2b50;&#xfe0f;<meta charset=\"utf-8\">&#x2b50;&#xfe0f;<\/p>\n\n\n\n<p>La siguiente recomendaci\u00f3n es una pel\u00edcula de producci\u00f3n brasilera qu\u00e9 me sorprendi\u00f3 gratamente. <\/p>\n\n\n\n<h3 class=\"wp-block-heading\">Sipnosis<\/h3>\n\n\n\n<p>La&nbsp;pel\u00edcula&nbsp;sigue a un hombre de familia que odia la navidad.&nbsp;El es prisionero de un bucle temporal en el que siempre esta la celebraci\u00f3n y debe aprender a valorar lo que realmente importa en la vida.<\/p>\n\n\n\n<h3 class=\"wp-block-heading\">Valoraci\u00f3n<\/h3>\n\n\n\n<p>Me record\u00f3 a Groundhog Day&nbsp;(Atrapado en el tiempo&nbsp;en&nbsp;Espa\u00f1a,&nbsp;Hechizo del tiempo o&nbsp;el d\u00eda de la marmota en Hispanoam\u00e9rica. <\/p>\n\n\n\n<p>Es sorprendentemente graciosa. A medida qu\u00e9 avanza el metraje la trama se complica m\u00e1s y cada l\u00ednea del tiempo resulta una experiencia devastadora. La encontr\u00e9 simp\u00e1tica. <\/p>\n\n\n\n<p><strong>Accesibilidad<\/strong>: La puedes disfrutar en su idioma original con subt\u00edtulos en espa\u00f1ol. O bien doblada al idioma ingl\u00e9s. <\/p>","protected":false},"excerpt":{"rendered":"<p>Puntuaci\u00f3n: &#x2b50;&#xfe0f;&#x2b50;&#xfe0f;&#x2b50;&#xfe0f;&#x2b50;&#xfe0f; La siguiente recomendaci\u00f3n es una pel\u00edcula de producci\u00f3n brasilera qu\u00e9 me sorprendi\u00f3 gratamente. Sipnosis La&nbsp;pel\u00edcula&nbsp;sigue a un hombre de familia que odia la navidad.&nbsp;El es prisionero de un bucle temporal en el que siempre esta la celebraci\u00f3n y debe aprender a valorar lo que realmente importa en la vida. Valoraci\u00f3n Me record\u00f3 a &hellip;<\/p>","protected":false},"author":2,"featured_media":11690,"comment_status":"closed","ping_status":"closed","sticky":false,"template":"","format":"standard","meta":{"jetpack_post_was_ever_published":false,"_jetpack_newsletter_access":"","_jetpack_dont_email_post_to_subs":false,"_jetpack_newsletter_tier_id":0,"_jetpack_memberships_contains_paywalled_content":false,"_jetpack_memberships_contains_paid_content":false,"footnotes":"","jetpack_publicize_message":"","jetpack_publicize_feature_enabled":true,"jetpack_social_post_already_shared":true,"jetpack_social_options":{"image_generator_settings":{"template":"highway","default_image_id":0,"font":"","enabled":false},"version":2}},"categories":[800,766],"tags":[683],"class_list":["post-11688","post","type-post","status-publish","format-standard","has-post-thumbnail","hentry","category-christmas","category-cine-netflix","tag-comedia"],"jetpack_publicize_connections":[],"jetpack_featured_media_url":"https:\/\/www.macquero.com\/wp-content\/uploads\/2020\/12\/www.macquero.com-estreno-la-nochebuena-es-mi-condena-ch.jpg","jetpack_sharing_enabled":true,"_links":{"self":[{"href":"https:\/\/www.macquero.com\/en\/wp-json\/wp\/v2\/posts\/11688","targetHints":{"allow":["GET"]}}],"collection":[{"href":"https:\/\/www.macquero.com\/en\/wp-json\/wp\/v2\/posts"}],"about":[{"href":"https:\/\/www.macquero.com\/en\/wp-json\/wp\/v2\/types\/post"}],"author":[{"embeddable":true,"href":"https:\/\/www.macquero.com\/en\/wp-json\/wp\/v2\/users\/2"}],"replies":[{"embeddable":true,"href":"https:\/\/www.macquero.com\/en\/wp-json\/wp\/v2\/comments?post=11688"}],"version-history":[{"count":2,"href":"https:\/\/www.macquero.com\/en\/wp-json\/wp\/v2\/posts\/11688\/revisions"}],"predecessor-version":[{"id":14932,"href":"https:\/\/www.macquero.com\/en\/wp-json\/wp\/v2\/posts\/11688\/revisions\/14932"}],"wp:featuredmedia":[{"embeddable":true,"href":"https:\/\/www.macquero.com\/en\/wp-json\/wp\/v2\/media\/11690"}],"wp:attachment":[{"href":"https:\/\/www.macquero.com\/en\/wp-json\/wp\/v2\/media?parent=11688"}],"wp:term":[{"taxonomy":"category","embeddable":true,"href":"https:\/\/www.macquero.com\/en\/wp-json\/wp\/v2\/categories?post=11688"},{"taxonomy":"post_tag","embeddable":true,"href":"https:\/\/www.macquero.com\/en\/wp-json\/wp\/v2\/tags?post=11688"}],"curies":[{"name":"wp","href":"https:\/\/api.w.org\/{rel}","templated":true}]}}