{"id":11646,"date":"2020-11-25T17:45:27","date_gmt":"2020-11-25T23:45:27","guid":{"rendered":"http:\/\/www.macquero.com\/?p=11646"},"modified":"2021-10-27T00:07:51","modified_gmt":"2021-10-27T05:07:51","slug":"estreno-cronicas-de-navidad-parte-2-the-christmas-chronicles-2","status":"publish","type":"post","link":"https:\/\/www.macquero.com\/en\/2020\/11\/estreno-cronicas-de-navidad-parte-2-the-christmas-chronicles-2\/","title":{"rendered":"Cr\u00f3nicas de Navidad: Parte 2. &#8211; The Christmas Chronicles 2."},"content":{"rendered":"<p><strong>Puntuaci\u00f3n: <\/strong>&#x2b50;&#xfe0f;&#x2b50;&#xfe0f;<\/p>\n\n\n\n<p>El d\u00eda de hoy se suman a la plataforma 2 nuevas pel\u00edculas, a la oferta del cat\u00e1logo navide\u00f1o para est\u00e9 a\u00f1o.<\/p>\n\n\n\n<p>Dise\u00f1ada <strong>especialmente para los m\u00e1s peque\u00f1os de la casa,<\/strong> si ya viste <a rel=\"noreferrer noopener\" aria-label=\"la primera (opens in a new tab)\" href=\"\/en\/2019\/11\/opinion-las-cronicas-de-navidad\/\" target=\"_blank\"><strong>la primera<\/strong><\/a>, quiz\u00e1s te interese echar un vistazo a la segunda. <\/p>\n\n\n\n<p>\u2018Cr\u00f3nicas de Navidad: segunda parte\u2019, escrita y dirigida por Chris Columbus (\u2018Solo en casa\u2019, \u2018Harry Potter\u2019, \u2018Polar Expr\u00e9s\u2019) y co protagonizada por<strong>&nbsp;Goldie Hawn<\/strong>, es una aventura llena de acci\u00f3n para toda la familia, con momentos de ternura, toques sutiles de humor y por supuesto esp\u00edritu navide\u00f1o.<\/p>\n\n\n\n<p>Lleva 2 estrellas, porqu\u00e9 me gust\u00f3 m\u00e1s la primera. Pero, se puede ver. <\/p>","protected":false},"excerpt":{"rendered":"<p>Puntuaci\u00f3n: &#x2b50;&#xfe0f;&#x2b50;&#xfe0f; El d\u00eda de hoy se suman a la plataforma 2 nuevas pel\u00edculas, a la oferta del cat\u00e1logo navide\u00f1o para est\u00e9 a\u00f1o. Dise\u00f1ada especialmente para los m\u00e1s peque\u00f1os de la casa, si ya viste la primera, quiz\u00e1s te interese echar un vistazo a la segunda. \u2018Cr\u00f3nicas de Navidad: segunda parte\u2019, escrita y dirigida por &hellip;<\/p>","protected":false},"author":2,"featured_media":11649,"comment_status":"closed","ping_status":"closed","sticky":false,"template":"","format":"standard","meta":{"jetpack_post_was_ever_published":false,"_jetpack_newsletter_access":"","_jetpack_dont_email_post_to_subs":false,"_jetpack_newsletter_tier_id":0,"_jetpack_memberships_contains_paywalled_content":false,"_jetpack_memberships_contains_paid_content":false,"footnotes":"","jetpack_publicize_message":"","jetpack_publicize_feature_enabled":true,"jetpack_social_post_already_shared":true,"jetpack_social_options":{"image_generator_settings":{"template":"highway","default_image_id":0,"font":"","enabled":false},"version":2}},"categories":[800,733,766],"tags":[453],"class_list":["post-11646","post","type-post","status-publish","format-standard","has-post-thumbnail","hentry","category-christmas","category-originales-de-netflix","category-cine-netflix","tag-para-toda-la-familia"],"jetpack_publicize_connections":[],"jetpack_featured_media_url":"https:\/\/www.macquero.com\/wp-content\/uploads\/2020\/11\/www.macquero.com-estreno-cronicas-de-navidad-parte-2-the-christmas-chronicles-2-ch.jpg","jetpack_sharing_enabled":true,"_links":{"self":[{"href":"https:\/\/www.macquero.com\/en\/wp-json\/wp\/v2\/posts\/11646","targetHints":{"allow":["GET"]}}],"collection":[{"href":"https:\/\/www.macquero.com\/en\/wp-json\/wp\/v2\/posts"}],"about":[{"href":"https:\/\/www.macquero.com\/en\/wp-json\/wp\/v2\/types\/post"}],"author":[{"embeddable":true,"href":"https:\/\/www.macquero.com\/en\/wp-json\/wp\/v2\/users\/2"}],"replies":[{"embeddable":true,"href":"https:\/\/www.macquero.com\/en\/wp-json\/wp\/v2\/comments?post=11646"}],"version-history":[{"count":5,"href":"https:\/\/www.macquero.com\/en\/wp-json\/wp\/v2\/posts\/11646\/revisions"}],"predecessor-version":[{"id":15284,"href":"https:\/\/www.macquero.com\/en\/wp-json\/wp\/v2\/posts\/11646\/revisions\/15284"}],"wp:featuredmedia":[{"embeddable":true,"href":"https:\/\/www.macquero.com\/en\/wp-json\/wp\/v2\/media\/11649"}],"wp:attachment":[{"href":"https:\/\/www.macquero.com\/en\/wp-json\/wp\/v2\/media?parent=11646"}],"wp:term":[{"taxonomy":"category","embeddable":true,"href":"https:\/\/www.macquero.com\/en\/wp-json\/wp\/v2\/categories?post=11646"},{"taxonomy":"post_tag","embeddable":true,"href":"https:\/\/www.macquero.com\/en\/wp-json\/wp\/v2\/tags?post=11646"}],"curies":[{"name":"wp","href":"https:\/\/api.w.org\/{rel}","templated":true}]}}