{"id":11572,"date":"2020-11-12T01:52:06","date_gmt":"2020-11-12T07:52:06","guid":{"rendered":"http:\/\/www.macquero.com\/?p=11572"},"modified":"2021-10-26T19:54:49","modified_gmt":"2021-10-27T00:54:49","slug":"opinion-el-expreso-polar-the-polar-express","status":"publish","type":"post","link":"https:\/\/www.macquero.com\/en\/2020\/11\/opinion-el-expreso-polar-the-polar-express\/","title":{"rendered":"Opini\u00f3n: El expreso polar. &#8211; The Polar Express."},"content":{"rendered":"<p><strong>Puntuaci\u00f3n:<\/strong> &#x2b50;&#xfe0f;&#x2b50;&#xfe0f;&#x2b50;&#xfe0f;&#x2b50;&#xfe0f;  <\/p>\n\n\n\n<p>Nuestra siguiente recomendaci\u00f3n es una pel\u00edcula qu\u00e9 tienes qu\u00e9 disfrutar si a\u00fan no las podido ver.<\/p>\n\n\n\n<h3 class=\"wp-block-heading\">Sipnosis<\/h3>\n\n\n\n<p>The Polar Express&nbsp;es una&nbsp;pel\u00edcula animada&nbsp;realizada mediante la t\u00e9cnica cinematogr\u00e1fica denominada \u00abcaptura de movimiento\u00bb, basada en el libro infantil de mismo t\u00edtulo, ilustrado y escrito por&nbsp;Chris Van Allsburg&nbsp;en&nbsp;1985.<\/p>\n\n\n\n<p>Dirigida por&nbsp;Robert Zemeckis, y estrenada por primera vez en&nbsp;2004. Su argumento est\u00e1 \u00edntegramente versado en la&nbsp;temporada navide\u00f1a.<\/p>\n\n\n\n<h3 class=\"wp-block-heading\">Valoraci\u00f3n<\/h3>\n\n\n\n<p>Con un hilo argumental durante una noche nevada de Navidad, un ni\u00f1o se embarca en un extraordinario viaje en tren hacia el Polo Norte. <\/p>\n\n\n\n<p>Con una manufactura visual impecable, la historia se desdobla a partir de la narrativa de Chris Van Allsburg: un breve cuento navide\u00f1o, ilustrado por \u00e9l mismo con estilo m\u00e1gico e hiperrealista, que transforma un m\u00edtico tren con destino al polo norte en busca de Santa Claus en un mundo aut\u00e1rquico, repleto de aventuras y fantas\u00eda&#8230;  <\/p>\n\n\n\n<p>La cr\u00edtica especializada del sector la desmantel\u00f3: &#8220;por tener un gui\u00f3n sin sentido, falto de emoci\u00f3n y sin un \u00e1pice de sensibilidad&#8221;, opini\u00f3n con la cu\u00e1l no estoy de acuerdo. Sin embargo quiz\u00e1s hay que decir: -que ciertamente es una historia nost\u00e1lgica, algo oscura, y &#8220;diferente&#8221; con exiguos momentos simp\u00e1ticos. <\/p>\n\n\n\n<blockquote class=\"wp-block-quote is-layout-flow wp-block-quote-is-layout-flow\"><p>Pero, si sabes escuchar con atenci\u00f3n: -hay una frase: qu\u00e9 me cautiv\u00f3 al final. Seguro la encuentras. <\/p><\/blockquote>\n\n\n\n<p>Es una met\u00e1fora libre a la interpretaci\u00f3n. Qu\u00e9 por lo menos a m\u00ed, me llen\u00f3 de esperanza. Y cr\u00e9anme volv\u00ed a creer. <\/p>","protected":false},"excerpt":{"rendered":"<p>Puntuaci\u00f3n: &#x2b50;&#xfe0f;&#x2b50;&#xfe0f;&#x2b50;&#xfe0f;&#x2b50;&#xfe0f; Nuestra siguiente recomendaci\u00f3n es una pel\u00edcula qu\u00e9 tienes qu\u00e9 disfrutar si a\u00fan no las podido ver. Sipnosis The Polar Express&nbsp;es una&nbsp;pel\u00edcula animada&nbsp;realizada mediante la t\u00e9cnica cinematogr\u00e1fica denominada \u00abcaptura de movimiento\u00bb, basada en el libro infantil de mismo t\u00edtulo, ilustrado y escrito por&nbsp;Chris Van Allsburg&nbsp;en&nbsp;1985. Dirigida por&nbsp;Robert Zemeckis, y estrenada por primera vez en&nbsp;2004. &hellip;<\/p>","protected":false},"author":2,"featured_media":11574,"comment_status":"closed","ping_status":"closed","sticky":false,"template":"","format":"standard","meta":{"jetpack_post_was_ever_published":false,"_jetpack_newsletter_access":"","_jetpack_dont_email_post_to_subs":false,"_jetpack_newsletter_tier_id":0,"_jetpack_memberships_contains_paywalled_content":false,"_jetpack_memberships_contains_paid_content":false,"footnotes":"","jetpack_publicize_message":"","jetpack_publicize_feature_enabled":true,"jetpack_social_post_already_shared":true,"jetpack_social_options":{"image_generator_settings":{"template":"highway","default_image_id":0,"font":"","enabled":false},"version":2}},"categories":[800,766],"tags":[453],"class_list":["post-11572","post","type-post","status-publish","format-standard","has-post-thumbnail","hentry","category-christmas","category-cine-netflix","tag-para-toda-la-familia"],"jetpack_publicize_connections":[],"jetpack_featured_media_url":"https:\/\/www.macquero.com\/wp-content\/uploads\/2020\/11\/www.macquero.com-opinion-el-expreso-polar-the-polar-express-po.jpg","jetpack_sharing_enabled":true,"_links":{"self":[{"href":"https:\/\/www.macquero.com\/en\/wp-json\/wp\/v2\/posts\/11572","targetHints":{"allow":["GET"]}}],"collection":[{"href":"https:\/\/www.macquero.com\/en\/wp-json\/wp\/v2\/posts"}],"about":[{"href":"https:\/\/www.macquero.com\/en\/wp-json\/wp\/v2\/types\/post"}],"author":[{"embeddable":true,"href":"https:\/\/www.macquero.com\/en\/wp-json\/wp\/v2\/users\/2"}],"replies":[{"embeddable":true,"href":"https:\/\/www.macquero.com\/en\/wp-json\/wp\/v2\/comments?post=11572"}],"version-history":[{"count":6,"href":"https:\/\/www.macquero.com\/en\/wp-json\/wp\/v2\/posts\/11572\/revisions"}],"predecessor-version":[{"id":15188,"href":"https:\/\/www.macquero.com\/en\/wp-json\/wp\/v2\/posts\/11572\/revisions\/15188"}],"wp:featuredmedia":[{"embeddable":true,"href":"https:\/\/www.macquero.com\/en\/wp-json\/wp\/v2\/media\/11574"}],"wp:attachment":[{"href":"https:\/\/www.macquero.com\/en\/wp-json\/wp\/v2\/media?parent=11572"}],"wp:term":[{"taxonomy":"category","embeddable":true,"href":"https:\/\/www.macquero.com\/en\/wp-json\/wp\/v2\/categories?post=11572"},{"taxonomy":"post_tag","embeddable":true,"href":"https:\/\/www.macquero.com\/en\/wp-json\/wp\/v2\/tags?post=11572"}],"curies":[{"name":"wp","href":"https:\/\/api.w.org\/{rel}","templated":true}]}}