{"id":11560,"date":"2020-11-10T00:10:21","date_gmt":"2020-11-10T06:10:21","guid":{"rendered":"http:\/\/www.macquero.com\/?p=11560"},"modified":"2021-10-27T02:50:50","modified_gmt":"2021-10-27T07:50:50","slug":"opinion-mar-de-plastico","status":"publish","type":"post","link":"https:\/\/www.macquero.com\/en\/2020\/11\/opinion-mar-de-plastico\/","title":{"rendered":"Opini\u00f3n: Mar de pl\u00e1stico."},"content":{"rendered":"<p>Puntuaci\u00f3n: &#x2b50;&#x2b50;&#x2b50;&#x2b50;&#x2b50;<\/p>\n\n\n\n<p>Mi siguiente recomendaci\u00f3n es una serie espa\u00f1ola\u00a0de televisi\u00f3n producida por\u00a0Boomerang TV\u00a0para\u00a0Antena 3.<\/p>\n\n\n\n<h3 class=\"wp-block-heading\">Sipnosis<\/h3>\n\n\n\n<p>El argumento de la serie, en su primera temporada, gira en torno a la investigaci\u00f3n sobre el&nbsp;asesinato&nbsp;de Ainhoa S\u00e1nchez, hija de la alcaldesa del pueblo&nbsp;almeriense&nbsp;de Campoamargo, y de los conflictos de inter\u00e9s que surgen entre los inmigrantes y la poblaci\u00f3n aut\u00f3ctona.<\/p>\n\n\n\n<h3 class=\"wp-block-heading\">Valoraci\u00f3n<\/h3>\n\n\n\n<p>Con un argumento s\u00f3lido que engancha desde su primer episodio. Mar de Pl\u00e1stico&#8217; tiene unos buenos directores, un concepto potente en la narrativa y escenarios originales.<\/p>\n\n\n\n<p>La cr\u00edtica local no la encontr\u00f3 atractiva, argumentando: &#8220;qu\u00e9 est\u00e1 llena de errores y sin identidad visual&#8221;. <\/p>\n\n\n\n<h3 class=\"wp-block-heading\">Temporadas<\/h3>\n\n\n\n<p>Con dos temporadas de 13 episodios c\/u, y una duraci\u00f3n de un poco m\u00e1s de 100 minutos cada uno de ellos, es un thriller tele novelesco, con algunas escenas convincentes de acci\u00f3n envueltos en varios dramas cruzados llenos de tensi\u00f3n. <\/p>\n\n\n\n<blockquote class=\"wp-block-quote is-layout-flow wp-block-quote-is-layout-flow\"><p>\u00a1Vale! un poquit\u00edn predecible, pero buena.<\/p><\/blockquote>\n\n\n\n<p>Hay quienes apoyan las actuaciones y el gui\u00f3n de la primera temporada argumentando qu\u00e9 la segunda no fue tan significativa.  <\/p>\n\n\n\n<p>A m\u00ed me pareci\u00f3 buena.  <\/p>","protected":false},"excerpt":{"rendered":"<p>Puntuaci\u00f3n: &#x2b50;&#x2b50;&#x2b50;&#x2b50;&#x2b50; Mi siguiente recomendaci\u00f3n es una serie espa\u00f1ola\u00a0de televisi\u00f3n producida por\u00a0Boomerang TV\u00a0para\u00a0Antena 3. Sipnosis El argumento de la serie, en su primera temporada, gira en torno a la investigaci\u00f3n sobre el&nbsp;asesinato&nbsp;de Ainhoa S\u00e1nchez, hija de la alcaldesa del pueblo&nbsp;almeriense&nbsp;de Campoamargo, y de los conflictos de inter\u00e9s que surgen entre los inmigrantes y la poblaci\u00f3n &hellip;<\/p>","protected":false},"author":2,"featured_media":11562,"comment_status":"closed","ping_status":"closed","sticky":false,"template":"","format":"standard","meta":{"jetpack_post_was_ever_published":false,"_jetpack_newsletter_access":"","_jetpack_dont_email_post_to_subs":false,"_jetpack_newsletter_tier_id":0,"_jetpack_memberships_contains_paywalled_content":false,"_jetpack_memberships_contains_paid_content":false,"footnotes":"","jetpack_publicize_message":"","jetpack_publicize_feature_enabled":true,"jetpack_social_post_already_shared":true,"jetpack_social_options":{"image_generator_settings":{"template":"highway","default_image_id":0,"font":"","enabled":false},"version":2}},"categories":[732],"tags":[779],"class_list":["post-11560","post","type-post","status-publish","format-standard","has-post-thumbnail","hentry","category-series","tag-emocionante"],"jetpack_publicize_connections":[],"jetpack_featured_media_url":"https:\/\/www.macquero.com\/wp-content\/uploads\/2020\/11\/www.macquero.com-opinion-mar-de-plastico-pl.jpg","jetpack_sharing_enabled":true,"_links":{"self":[{"href":"https:\/\/www.macquero.com\/en\/wp-json\/wp\/v2\/posts\/11560","targetHints":{"allow":["GET"]}}],"collection":[{"href":"https:\/\/www.macquero.com\/en\/wp-json\/wp\/v2\/posts"}],"about":[{"href":"https:\/\/www.macquero.com\/en\/wp-json\/wp\/v2\/types\/post"}],"author":[{"embeddable":true,"href":"https:\/\/www.macquero.com\/en\/wp-json\/wp\/v2\/users\/2"}],"replies":[{"embeddable":true,"href":"https:\/\/www.macquero.com\/en\/wp-json\/wp\/v2\/comments?post=11560"}],"version-history":[{"count":3,"href":"https:\/\/www.macquero.com\/en\/wp-json\/wp\/v2\/posts\/11560\/revisions"}],"predecessor-version":[{"id":15413,"href":"https:\/\/www.macquero.com\/en\/wp-json\/wp\/v2\/posts\/11560\/revisions\/15413"}],"wp:featuredmedia":[{"embeddable":true,"href":"https:\/\/www.macquero.com\/en\/wp-json\/wp\/v2\/media\/11562"}],"wp:attachment":[{"href":"https:\/\/www.macquero.com\/en\/wp-json\/wp\/v2\/media?parent=11560"}],"wp:term":[{"taxonomy":"category","embeddable":true,"href":"https:\/\/www.macquero.com\/en\/wp-json\/wp\/v2\/categories?post=11560"},{"taxonomy":"post_tag","embeddable":true,"href":"https:\/\/www.macquero.com\/en\/wp-json\/wp\/v2\/tags?post=11560"}],"curies":[{"name":"wp","href":"https:\/\/api.w.org\/{rel}","templated":true}]}}