{"id":11437,"date":"2020-10-20T05:25:58","date_gmt":"2020-10-20T10:25:58","guid":{"rendered":"http:\/\/www.macquero.com\/?p=11437"},"modified":"2020-10-20T05:26:47","modified_gmt":"2020-10-20T10:26:47","slug":"estreno-the-flash-temporada-6","status":"publish","type":"post","link":"https:\/\/www.macquero.com\/en\/2020\/10\/estreno-the-flash-temporada-6\/","title":{"rendered":"Estreno: The Flash. Temporada 6."},"content":{"rendered":"<p>El d\u00eda de hoy, llega como estreno la sexta temporada de Flash a Netflix. <\/p>\n\n\n\n<h3 class=\"wp-block-heading\">Producci\u00f3n<\/h3>\n\n\n\n<p>La sexta temporada de The CW,\u00a0\u201cThe Flash&#8221;, llev\u00f3 a los fan\u00e1ticos de la serie Arrowverse por un sendero m\u00e1s emocionante. Con el nuevo\u00a0enfoque\u00a0de una temporada dividida en dos\u00a0\u201cnovelas gr\u00e1ficas\u201d.<\/p>\n\n\n\n<figure class=\"wp-block-embed-youtube wp-block-embed is-type-video is-provider-youtube wp-embed-aspect-16-9 wp-has-aspect-ratio\"><div class=\"wp-block-embed__wrapper\">\n<span class=\"embed-youtube\" style=\"text-align:center; display: block;\"><iframe loading=\"lazy\" class=\"youtube-player\" width=\"640\" height=\"360\" src=\"https:\/\/www.youtube.com\/embed\/4jwROC6JfcI?version=3&#038;rel=1&#038;showsearch=0&#038;showinfo=1&#038;iv_load_policy=1&#038;fs=1&#038;hl=en-US&#038;autohide=2&#038;wmode=transparent\" allowfullscreen=\"true\" style=\"border:0;\" sandbox=\"allow-scripts allow-same-origin allow-popups allow-presentation allow-popups-to-escape-sandbox\"><\/iframe><\/span>\n<\/div><figcaption><strong>Tr\u00e1iler<\/strong><\/figcaption><\/figure>\n\n\n\n<p>El final de la temporada 6 de The Flash&#8230; que posiblemente nunca lleguemos a conocer&#8230;<\/p>\n\n\n\n<p>La producci\u00f3n se ha visto en la necesidad de aplazar el rodaje en The Flash debido a la pandemia, lo que complica un poco las cosas ya que han quedado sin establecer tres episodios de la sexta temporada. Aunque a\u00fan es posible que se concreten &#8220;esos cap\u00edtulos&#8221;, el cierre se encuentra en un nuevo giro, se\u00f1al\u00f3: -el actor Grant Gustin.<\/p>\n\n\n\n<p>Tambi\u00e9n recalc\u00f3 que el episodio 19 de su sexta entrega, titulado &#8216;Success Is Assured&#8217; (El \u00e9xito est\u00e1 asegurado), servir\u00e1 como final de temporada. <br><\/p>","protected":false},"excerpt":{"rendered":"<p>El d\u00eda de hoy, llega como estreno la sexta temporada de Flash a Netflix. Producci\u00f3n La sexta temporada de The CW,\u00a0\u201cThe Flash&#8221;, llev\u00f3 a los fan\u00e1ticos de la serie Arrowverse por un sendero m\u00e1s emocionante. Con el nuevo\u00a0enfoque\u00a0de una temporada dividida en dos\u00a0\u201cnovelas gr\u00e1ficas\u201d. Tr\u00e1iler El final de la temporada 6 de The Flash&#8230; que &hellip;<\/p>","protected":false},"author":2,"featured_media":11434,"comment_status":"closed","ping_status":"closed","sticky":false,"template":"","format":"standard","meta":{"jetpack_post_was_ever_published":false,"_jetpack_newsletter_access":"","_jetpack_dont_email_post_to_subs":false,"_jetpack_newsletter_tier_id":0,"_jetpack_memberships_contains_paywalled_content":false,"_jetpack_memberships_contains_paid_content":false,"footnotes":"","jetpack_publicize_message":"","jetpack_publicize_feature_enabled":true,"jetpack_social_post_already_shared":true,"jetpack_social_options":{"image_generator_settings":{"template":"highway","default_image_id":0,"font":"","enabled":false},"version":2}},"categories":[872,731,732],"tags":[850,431,779],"class_list":["post-11437","post","type-post","status-publish","format-standard","has-post-thumbnail","hentry","category-calendario-netflix","category-estrenos-y-lanzamientos","category-series","tag-adrenalinico","tag-ciencia-ficcion","tag-emocionante"],"jetpack_publicize_connections":[],"jetpack_featured_media_url":"https:\/\/www.macquero.com\/wp-content\/uploads\/2020\/10\/www.macquero.com-estreno-flash-temporada-6-fl.jpg","jetpack_sharing_enabled":true,"_links":{"self":[{"href":"https:\/\/www.macquero.com\/en\/wp-json\/wp\/v2\/posts\/11437","targetHints":{"allow":["GET"]}}],"collection":[{"href":"https:\/\/www.macquero.com\/en\/wp-json\/wp\/v2\/posts"}],"about":[{"href":"https:\/\/www.macquero.com\/en\/wp-json\/wp\/v2\/types\/post"}],"author":[{"embeddable":true,"href":"https:\/\/www.macquero.com\/en\/wp-json\/wp\/v2\/users\/2"}],"replies":[{"embeddable":true,"href":"https:\/\/www.macquero.com\/en\/wp-json\/wp\/v2\/comments?post=11437"}],"version-history":[{"count":2,"href":"https:\/\/www.macquero.com\/en\/wp-json\/wp\/v2\/posts\/11437\/revisions"}],"predecessor-version":[{"id":11442,"href":"https:\/\/www.macquero.com\/en\/wp-json\/wp\/v2\/posts\/11437\/revisions\/11442"}],"wp:featuredmedia":[{"embeddable":true,"href":"https:\/\/www.macquero.com\/en\/wp-json\/wp\/v2\/media\/11434"}],"wp:attachment":[{"href":"https:\/\/www.macquero.com\/en\/wp-json\/wp\/v2\/media?parent=11437"}],"wp:term":[{"taxonomy":"category","embeddable":true,"href":"https:\/\/www.macquero.com\/en\/wp-json\/wp\/v2\/categories?post=11437"},{"taxonomy":"post_tag","embeddable":true,"href":"https:\/\/www.macquero.com\/en\/wp-json\/wp\/v2\/tags?post=11437"}],"curies":[{"name":"wp","href":"https:\/\/api.w.org\/{rel}","templated":true}]}}