{"id":11415,"date":"2020-10-18T03:00:41","date_gmt":"2020-10-18T08:00:41","guid":{"rendered":"http:\/\/www.macquero.com\/?p=11415"},"modified":"2021-10-27T04:08:57","modified_gmt":"2021-10-27T09:08:57","slug":"estreno-eso-it","status":"publish","type":"post","link":"https:\/\/www.macquero.com\/en\/2020\/10\/estreno-eso-it\/","title":{"rendered":"Estreno: Eso. &#8211; It."},"content":{"rendered":"<p><strong>Puntuaci\u00f3n:<\/strong>&nbsp;&#x2b50;&#xfe0f;&#x2b50;&#xfe0f;&#x2b50;&#xfe0f;<\/p>\n\n\n\n<p>Vi la primera pel\u00edcula de est\u00e1 mi serie de horror cu\u00e1ndo se estren\u00f3 en 1990. -Y, en ese tiempo me dio mucho miedo-. Ya que el relato estaba conceptualizado en la imaginaci\u00f3n con miras a lo espeluznante. <\/p>\n\n\n\n<p>La versi\u00f3n que llega a la plataforma en calidad de estreno para volver a disfrutar es la que se estren\u00f3 en 2017.<\/p>\n\n\n\n<p><strong>It<\/strong>&nbsp;(Eso)&nbsp;es una pel\u00edcula acerca el miedo, pero, sin mucho auge. Exceptuando la brutal secuencia inicial y quiz\u00e1s por la escena de las diapositivas. Esta versi\u00f3n posee una calidad de efectos visuales que no tiene su antecesora, y est\u00e1n resueltos de una forma m\u00e1s cercana al g\u00e9nero fant\u00e1stico que al terror.&nbsp;<\/p>\n\n\n\n<p>Sin embargo no deja de ser una opci\u00f3n atrayente para los amantes del <strong>g\u00e9nero terror <\/strong>de cara con la fecha cercana a los d\u00edas de Halloween. <\/p>\n\n\n\n<p>En la novela esta historia transcurre en los a\u00f1os cincuenta, pero en la pel\u00edcula estamos en los ochenta, \u00e9poca ideal para una ambientaci\u00f3n que adem\u00e1s sirve de homenaje a estilos, bandas de rock y en especial a pel\u00edculas del sub g\u00e9nero incluso para series como <a rel=\"noreferrer noopener\" aria-label=\"Stranger Things (opens in a new tab)\" href=\"\/en\/2019\/04\/opinion-stranger-things-2-disponible-para-suscriptores-de-netflix\/\" target=\"_blank\"><strong>Stranger Things<\/strong><\/a>. <\/p>\n\n\n\n<p>Mejor es disfrutarla de noche.<\/p>","protected":false},"excerpt":{"rendered":"<p>Puntuaci\u00f3n:&nbsp;&#x2b50;&#xfe0f;&#x2b50;&#xfe0f;&#x2b50;&#xfe0f; Vi la primera pel\u00edcula de est\u00e1 mi serie de horror cu\u00e1ndo se estren\u00f3 en 1990. -Y, en ese tiempo me dio mucho miedo-. Ya que el relato estaba conceptualizado en la imaginaci\u00f3n con miras a lo espeluznante. La versi\u00f3n que llega a la plataforma en calidad de estreno para volver a disfrutar es la &hellip;<\/p>","protected":false},"author":2,"featured_media":11417,"comment_status":"closed","ping_status":"closed","sticky":false,"template":"","format":"standard","meta":{"jetpack_post_was_ever_published":false,"_jetpack_newsletter_access":"","_jetpack_dont_email_post_to_subs":false,"_jetpack_newsletter_tier_id":0,"_jetpack_memberships_contains_paywalled_content":false,"_jetpack_memberships_contains_paid_content":false,"footnotes":"","jetpack_publicize_message":"","jetpack_publicize_feature_enabled":true,"jetpack_social_post_already_shared":true,"jetpack_social_options":{"image_generator_settings":{"template":"highway","default_image_id":0,"font":"","enabled":false},"version":2}},"categories":[766],"tags":[403],"class_list":["post-11415","post","type-post","status-publish","format-standard","has-post-thumbnail","hentry","category-cine-netflix","tag-terror"],"jetpack_publicize_connections":[],"jetpack_featured_media_url":"https:\/\/www.macquero.com\/wp-content\/uploads\/2020\/10\/www.macquero.com-estreno-eso-it-eso.jpg","jetpack_sharing_enabled":true,"_links":{"self":[{"href":"https:\/\/www.macquero.com\/en\/wp-json\/wp\/v2\/posts\/11415","targetHints":{"allow":["GET"]}}],"collection":[{"href":"https:\/\/www.macquero.com\/en\/wp-json\/wp\/v2\/posts"}],"about":[{"href":"https:\/\/www.macquero.com\/en\/wp-json\/wp\/v2\/types\/post"}],"author":[{"embeddable":true,"href":"https:\/\/www.macquero.com\/en\/wp-json\/wp\/v2\/users\/2"}],"replies":[{"embeddable":true,"href":"https:\/\/www.macquero.com\/en\/wp-json\/wp\/v2\/comments?post=11415"}],"version-history":[{"count":3,"href":"https:\/\/www.macquero.com\/en\/wp-json\/wp\/v2\/posts\/11415\/revisions"}],"predecessor-version":[{"id":15469,"href":"https:\/\/www.macquero.com\/en\/wp-json\/wp\/v2\/posts\/11415\/revisions\/15469"}],"wp:featuredmedia":[{"embeddable":true,"href":"https:\/\/www.macquero.com\/en\/wp-json\/wp\/v2\/media\/11417"}],"wp:attachment":[{"href":"https:\/\/www.macquero.com\/en\/wp-json\/wp\/v2\/media?parent=11415"}],"wp:term":[{"taxonomy":"category","embeddable":true,"href":"https:\/\/www.macquero.com\/en\/wp-json\/wp\/v2\/categories?post=11415"},{"taxonomy":"post_tag","embeddable":true,"href":"https:\/\/www.macquero.com\/en\/wp-json\/wp\/v2\/tags?post=11415"}],"curies":[{"name":"wp","href":"https:\/\/api.w.org\/{rel}","templated":true}]}}