{"id":11410,"date":"2020-10-18T02:28:50","date_gmt":"2020-10-18T07:28:50","guid":{"rendered":"http:\/\/www.macquero.com\/?p=11410"},"modified":"2021-12-04T02:53:21","modified_gmt":"2021-12-04T08:53:21","slug":"anatomia-la-revolution","status":"publish","type":"post","link":"https:\/\/www.macquero.com\/en\/2020\/10\/anatomia-la-revolution\/","title":{"rendered":"La R\u00e9volution."},"content":{"rendered":"<p>Puntuaci\u00f3n: &#x2b50;&#x2b50;&#x2b50;&#x2b50;&#x2b50;<\/p>\n\n\n\n<p>Doy inicio a est\u00e9 an\u00e1lisis para avisarte que esta serie re\u00fane todos los elementos de entretenimiento ideal para las fechas con cercan\u00eda a <strong>Halloween<\/strong>. &#x1f47b;<\/p>\n\n\n\n<p>La Revoluci\u00f3n&nbsp;es la nueva serie francesa de&nbsp;Netflix&nbsp;que se centra en la toma de la Bastilla, hecho pol\u00edtico crucial ocurrido en en 1789. Pero lejos de tratarse de una serie netamente hist\u00f3rica, este relato audiovisual est\u00e1 te\u00f1ido por ciertos elementos propios del terror y lo fant\u00e1stico.<\/p>\n\n\n\n<p>En el inicio te coment\u00e9 que la serie re\u00fane en resumen y sin ser expl\u00edcito una buena&nbsp;dosis de acci\u00f3n, pol\u00edtica, aristocracia y un poco de terror.<\/p>\n\n\n\n<p>Creada por&nbsp;Aur\u00e9lien Molas, la serie imagina un escenario en el que la violencia no fue exactamente causada por el contexto social, ni por la insatisfacci\u00f3n del pueblo ni las ganas de destruir a los opresores, sino por un virus misterioso que es imposible de detener y que convierte a las personas en monstruos, pero solo a los m\u00e1s privilegiados.<\/p>\n\n\n\n<p>Con la nueva enfermedad en curso es dif\u00edcil ver la serie, (te vuelves un poquito paranoico, pero solo un poquito) sin embargo con elementos de ficci\u00f3n y una puesta en marcha de un laborioso trabajo de fotograf\u00eda, utiler\u00eda y vestuario, tendremos 8 episodios cargados de tensi\u00f3n, impregnados en misterio y horror en cada una de las secuencias. <\/p>\n\n\n\n<blockquote class=\"wp-block-quote is-layout-flow wp-block-quote-is-layout-flow\"><p><strong>La temporada de los sustos ya comenz\u00f3 en Netflix&nbsp;<\/strong>con The Haunting of Bly Manor y con est\u00e1 fant\u00e1stica recreaci\u00f3n de \u00e9poca de La R\u00e9volution.<\/p><\/blockquote>\n\n\n\n<h3 class=\"wp-block-heading\">\u00bfHabr\u00e1 secuela?<\/h3>\n\n\n\n<p>La serie francesa hist\u00f3rica y ucr\u00f3nica de&nbsp;Netflix se desarrolla en medio de estos personajes <strong>Joseph Ignace Guillotin<\/strong> (m\u00e9dico) <a rel=\"noreferrer noopener\" aria-label=\"Amir El Kacem (opens in a new tab)\" href=\"https:\/\/www.instagram.com\/amir_elkacem\/\" target=\"_blank\"><strong>Amir El Kacem<\/strong><\/a>, futuro inventor de la guillotina, es el responsable de investigar los misteriosos asesinatos. La bell\u00edsima e irresistible <a rel=\"noreferrer noopener\" aria-label=\"Marilou Aussilloux  (opens in a new tab)\" href=\"https:\/\/www.instagram.com\/marilouaussilloux\/\" target=\"_blank\"><strong>Marilou Aussilloux <\/strong><\/a>como <strong>Elise de Montargis<\/strong> y <a href=\"https:\/\/www.instagram.com\/lionelerdogan\/\" target=\"_blank\" rel=\"noreferrer noopener\" aria-label=\"Lionel Erdogan (opens in a new tab)\"><strong>Lionel Erdogan<\/strong><\/a> como <strong>Albert Guillotin<\/strong>.<\/p>\n\n\n\n<blockquote class=\"wp-block-quote is-layout-flow wp-block-quote-is-layout-flow\"><p>El final de la primera temporada de \u201cLa revoluci\u00f3n\u201d dej\u00f3 el camino preparado para una nueva entrega de la serie francesa. <\/p><\/blockquote>\n\n\n\n<p>El gigante del streaming a\u00fan no ha renovado la serie francesa para una segunda entrega, pero, por lo visto en el \u00faltimo episodio y <strong>de cara al inicio bien estructurado del episodio piloto<\/strong>, es probable que los creadores tengan en mente m\u00e1s episodios de esta seductora historia de la revoluci\u00f3n francesa.<\/p>\n\n\n\n<p>El showrunner&nbsp;<strong>Aur\u00e9lien Molas<\/strong>&nbsp;confes\u00f3 en una entrevista con&nbsp;la cr\u00edtica del sector local especializado,&nbsp;que ya trabaja en una continuaci\u00f3n. \u201cLa idea es que si hay una segunda temporada, se sit\u00fae entre 1788 y 1789 y haya eventos hist\u00f3ricos mucho m\u00e1s conocidos, explorando c\u00f3mo se expande la revuelta y comenzando la verdadera lucha entre la aristocracia, la monarqu\u00eda, y el pueblo franc\u00e9s\u201d.<\/p>","protected":false},"excerpt":{"rendered":"<p>Puntuaci\u00f3n: &#x2b50;&#x2b50;&#x2b50;&#x2b50;&#x2b50; Doy inicio a est\u00e9 an\u00e1lisis para avisarte que esta serie re\u00fane todos los elementos de entretenimiento ideal para las fechas con cercan\u00eda a Halloween. &#x1f47b; La Revoluci\u00f3n&nbsp;es la nueva serie francesa de&nbsp;Netflix&nbsp;que se centra en la toma de la Bastilla, hecho pol\u00edtico crucial ocurrido en en 1789. Pero lejos de tratarse de una &hellip;<\/p>","protected":false},"author":2,"featured_media":11412,"comment_status":"closed","ping_status":"closed","sticky":false,"template":"","format":"standard","meta":{"jetpack_post_was_ever_published":false,"_jetpack_newsletter_access":"","_jetpack_dont_email_post_to_subs":false,"_jetpack_newsletter_tier_id":0,"_jetpack_memberships_contains_paywalled_content":false,"_jetpack_memberships_contains_paid_content":false,"footnotes":"","jetpack_publicize_message":"","jetpack_publicize_feature_enabled":true,"jetpack_social_post_already_shared":true,"jetpack_social_options":{"image_generator_settings":{"template":"highway","default_image_id":0,"font":"","enabled":false},"version":2}},"categories":[733,732],"tags":[744,500,403,829],"class_list":["post-11410","post","type-post","status-publish","format-standard","has-post-thumbnail","hentry","category-originales-de-netflix","category-series","tag-drama-politico","tag-misterio","tag-terror","tag-violento"],"jetpack_publicize_connections":[],"jetpack_featured_media_url":"https:\/\/www.macquero.com\/wp-content\/uploads\/2020\/10\/www.macquero.com-anatomia-la-revolution-tio.jpg","jetpack_sharing_enabled":true,"_links":{"self":[{"href":"https:\/\/www.macquero.com\/en\/wp-json\/wp\/v2\/posts\/11410","targetHints":{"allow":["GET"]}}],"collection":[{"href":"https:\/\/www.macquero.com\/en\/wp-json\/wp\/v2\/posts"}],"about":[{"href":"https:\/\/www.macquero.com\/en\/wp-json\/wp\/v2\/types\/post"}],"author":[{"embeddable":true,"href":"https:\/\/www.macquero.com\/en\/wp-json\/wp\/v2\/users\/2"}],"replies":[{"embeddable":true,"href":"https:\/\/www.macquero.com\/en\/wp-json\/wp\/v2\/comments?post=11410"}],"version-history":[{"count":2,"href":"https:\/\/www.macquero.com\/en\/wp-json\/wp\/v2\/posts\/11410\/revisions"}],"predecessor-version":[{"id":16258,"href":"https:\/\/www.macquero.com\/en\/wp-json\/wp\/v2\/posts\/11410\/revisions\/16258"}],"wp:featuredmedia":[{"embeddable":true,"href":"https:\/\/www.macquero.com\/en\/wp-json\/wp\/v2\/media\/11412"}],"wp:attachment":[{"href":"https:\/\/www.macquero.com\/en\/wp-json\/wp\/v2\/media?parent=11410"}],"wp:term":[{"taxonomy":"category","embeddable":true,"href":"https:\/\/www.macquero.com\/en\/wp-json\/wp\/v2\/categories?post=11410"},{"taxonomy":"post_tag","embeddable":true,"href":"https:\/\/www.macquero.com\/en\/wp-json\/wp\/v2\/tags?post=11410"}],"curies":[{"name":"wp","href":"https:\/\/api.w.org\/{rel}","templated":true}]}}