{"id":11376,"date":"2020-10-13T05:23:09","date_gmt":"2020-10-13T10:23:09","guid":{"rendered":"http:\/\/www.macquero.com\/?p=11376"},"modified":"2021-10-27T02:21:49","modified_gmt":"2021-10-27T07:21:49","slug":"estreno-la-universidad-para-sordos-deaf-u","status":"publish","type":"post","link":"https:\/\/www.macquero.com\/en\/2020\/10\/estreno-la-universidad-para-sordos-deaf-u\/","title":{"rendered":"La Universidad para sordos. &#8211; Deaf U."},"content":{"rendered":"<p>Puntuaci\u00f3n: &#x2b50;&#x2b50;&#x2b50;<\/p>\n\n\n\n<p>Mi siguiente recomendaci\u00f3n es un docu-reality sociocultural bien llamativo.<\/p>\n\n\n\n<h3 class=\"wp-block-heading\">Sipnosis<\/h3>\n\n\n\n<p>En este reality, un grupo unido de estudiantes&nbsp;<strong>sordos<\/strong>&nbsp;y con problemas de audici\u00f3n comparte sus historias y explora los vaivenes de la vida en la&nbsp;<a rel=\"noreferrer noopener\" aria-label=\"Universidad&nbsp;Gallaudet (opens in a new tab)\" href=\"https:\/\/www.instagram.com\/gallaudetu\/\" target=\"_blank\"><strong>Universidad&nbsp;Gallaudet<\/strong><\/a>.<\/p>\n\n\n\n<h3 class=\"wp-block-heading\">Valoraci\u00f3n<\/h3>\n\n\n\n<p>El pasado 9 de octubre, Netflix estren\u00f3&nbsp;<strong>La Universidad para sordos<\/strong>, una producci\u00f3n original que aborda la transici\u00f3n a la edad adulta de un unido grupo de estudiantes hipoac\u00fasicos de Gallaudet University,&nbsp;una escuela superior privada para personas sordas en Washington.<\/p>\n\n\n\n<p>En esta serie de&nbsp;ocho cap\u00edtulos&nbsp;sigue el d\u00eda a d\u00eda de estos amigos mientras circundan sus alegr\u00edas, tristezas y los romances de la vida universitaria.<\/p>\n\n\n\n<p>Sus historias ofrecen un acercamiento sin precedentes, y sin filtros a&nbsp;la realidad de la comunidad sorda, su vida cultural, las dificultades que enfrentan y c\u00f3mo son capaces de superar.<\/p>\n\n\n\n<p>A pesar de ser una universidad en la que se les da prioridad a personas sordas, Gallaudet tambi\u00e9n admite un peque\u00f1o n\u00famero de personas oyentes cada semestre. Para poder entrar en esta universidad,&nbsp;el primer y principal requisito es dominar la ASL, lengua de signos estadounidense.<\/p>\n\n\n\n<h3 class=\"wp-block-heading\">En perspectiva<\/h3>\n\n\n\n<p>Uno de los productores ejecutivos del reality documental es <a rel=\"noreferrer noopener\" aria-label=\"Nyle DiMarco, (opens in a new tab)\" href=\"https:\/\/www.instagram.com\/nyledimarco\/\" target=\"_blank\"><strong>Nyle DiMarco,<\/strong><\/a> modelo, actor y activista sordo que adem\u00e1s es ex alumno de la Gallaudet. DiMarco asegura que el objetivo de la serie es &#8220;mostrar a los sordos como seres humanos en todos los \u00e1mbitos de la vida&#8221;.<\/p>\n\n\n\n<p>Personalmente: encontr\u00e9 la serie refrescante, no s\u00e9 c\u00f3mo perciben el mundo estas personas, debe ser dif\u00edcil, pero, si me preguntan a m\u00ed, se ven perfectamente normales.<\/p>\n\n\n\n<p>Am\u00e9 plat\u00f3nicamente a <strong><a rel=\"noreferrer noopener\" aria-label=\"Alexa Paulay-Simmons (opens in a new tab)\" href=\"https:\/\/www.instagram.com\/alexajenal\/\" target=\"_blank\">Alexa Paulay-Simmons<\/a><\/strong> y <a href=\"https:\/\/www.instagram.com\/cheyennaclearbrook\/\" target=\"_blank\" rel=\"noreferrer noopener\" aria-label=\"Cheyenna Lauterbach Clearbrook. (opens in a new tab)\"><strong>Cheyenna Lauterbach Clearbrook.<\/strong><\/a>  <\/p>","protected":false},"excerpt":{"rendered":"<p>Puntuaci\u00f3n: &#x2b50;&#x2b50;&#x2b50; Mi siguiente recomendaci\u00f3n es un docu-reality sociocultural bien llamativo. Sipnosis En este reality, un grupo unido de estudiantes&nbsp;sordos&nbsp;y con problemas de audici\u00f3n comparte sus historias y explora los vaivenes de la vida en la&nbsp;Universidad&nbsp;Gallaudet. Valoraci\u00f3n El pasado 9 de octubre, Netflix estren\u00f3&nbsp;La Universidad para sordos, una producci\u00f3n original que aborda la transici\u00f3n a &hellip;<\/p>","protected":false},"author":2,"featured_media":11378,"comment_status":"closed","ping_status":"closed","sticky":false,"template":"","format":"standard","meta":{"jetpack_post_was_ever_published":false,"_jetpack_newsletter_access":"","_jetpack_dont_email_post_to_subs":false,"_jetpack_newsletter_tier_id":0,"_jetpack_memberships_contains_paywalled_content":false,"_jetpack_memberships_contains_paid_content":false,"footnotes":"","jetpack_publicize_message":"","jetpack_publicize_feature_enabled":true,"jetpack_social_post_already_shared":true,"jetpack_social_options":{"image_generator_settings":{"template":"highway","default_image_id":0,"font":"","enabled":false},"version":2}},"categories":[734,733],"tags":[834,849],"class_list":["post-11376","post","type-post","status-publish","format-standard","has-post-thumbnail","hentry","category-documentales","category-originales-de-netflix","tag-docuserie","tag-intimo"],"jetpack_publicize_connections":[],"jetpack_featured_media_url":"https:\/\/www.macquero.com\/wp-content\/uploads\/2020\/10\/www.macquero.com-estreno-la-universidad-para-sordos-deaf-u-uni.jpg","jetpack_sharing_enabled":true,"_links":{"self":[{"href":"https:\/\/www.macquero.com\/en\/wp-json\/wp\/v2\/posts\/11376","targetHints":{"allow":["GET"]}}],"collection":[{"href":"https:\/\/www.macquero.com\/en\/wp-json\/wp\/v2\/posts"}],"about":[{"href":"https:\/\/www.macquero.com\/en\/wp-json\/wp\/v2\/types\/post"}],"author":[{"embeddable":true,"href":"https:\/\/www.macquero.com\/en\/wp-json\/wp\/v2\/users\/2"}],"replies":[{"embeddable":true,"href":"https:\/\/www.macquero.com\/en\/wp-json\/wp\/v2\/comments?post=11376"}],"version-history":[{"count":3,"href":"https:\/\/www.macquero.com\/en\/wp-json\/wp\/v2\/posts\/11376\/revisions"}],"predecessor-version":[{"id":15390,"href":"https:\/\/www.macquero.com\/en\/wp-json\/wp\/v2\/posts\/11376\/revisions\/15390"}],"wp:featuredmedia":[{"embeddable":true,"href":"https:\/\/www.macquero.com\/en\/wp-json\/wp\/v2\/media\/11378"}],"wp:attachment":[{"href":"https:\/\/www.macquero.com\/en\/wp-json\/wp\/v2\/media?parent=11376"}],"wp:term":[{"taxonomy":"category","embeddable":true,"href":"https:\/\/www.macquero.com\/en\/wp-json\/wp\/v2\/categories?post=11376"},{"taxonomy":"post_tag","embeddable":true,"href":"https:\/\/www.macquero.com\/en\/wp-json\/wp\/v2\/tags?post=11376"}],"curies":[{"name":"wp","href":"https:\/\/api.w.org\/{rel}","templated":true}]}}