{"id":11260,"date":"2020-09-23T00:05:33","date_gmt":"2020-09-23T05:05:33","guid":{"rendered":"http:\/\/www.macquero.com\/?p=11260"},"modified":"2021-10-31T17:37:10","modified_gmt":"2021-10-31T23:37:10","slug":"opinion-daredevil","status":"publish","type":"post","link":"https:\/\/www.macquero.com\/en\/2020\/09\/opinion-daredevil\/","title":{"rendered":"Opini\u00f3n: Daredevil."},"content":{"rendered":"<p>Puntuaci\u00f3n: &#x2b50;&#x2b50;&#x2b50;&#x2b50; <\/p>\n\n\n\n<p>Siempre recomiendo no juzgar un t\u00edtulo por su portada y es que te puede sorprender.<\/p>\n\n\n\n<h3 class=\"wp-block-heading\">Sipnosis<\/h3>\n\n\n\n<p>Ciego desde que era joven, Matt Murdock (<strong>Charlie Cox<\/strong>) lucha contra la injusticia de d\u00eda como abogado y por la noche como Daredevil en Nueva York.<\/p>\n\n\n\n<h3 class=\"wp-block-heading\">Valoraci\u00f3n<\/h3>\n\n\n\n<p>Est\u00e9 t\u00edtulo posiblemente sea una de las mejores series de superh\u00e9roes que he visto hasta el momento. <\/p>\n\n\n\n<p>Murdock lleva una doble vida, durante el d\u00eda es un abogado combativo por los derechos de los mas desfavorecidos por el sistema de justicia, pero por la noche tiene una identidad secreta y se convierte en \u2018Daredevil\u2019 un vigilante justiciero que intenta ayudar a las personas mas indefensas y desvalidas.<\/p>\n\n\n\n<p>No existe ning\u00fan s\u00faper poder sobrenatural que lo defina, sin embargo la narrativa contiene elementos bien llamativos. Sumado al trabajo de coreograf\u00eda para las innumerables luchas cuerpo contra cuerpo en el set de grabaci\u00f3n.<\/p>\n\n\n\n<p>Me impact\u00f3 conocer la edad de la actriz <a rel=\"noreferrer noopener\" aria-label=\"Ayelet Zurer (opens in a new tab)\" href=\"https:\/\/www.instagram.com\/ayeletzurer\/\" target=\"_blank\"><strong>Ayelet Zurer<\/strong><\/a> (Vanessa Fisk), se ve fabulosa. &#x1f631;   Incre\u00edble que tenga 51 a\u00f1os. Desde luego mi favorita es: <a rel=\"noreferrer noopener\" aria-label=\"Deborah Ann Woll (opens in a new tab)\" href=\"https:\/\/www.instagram.com\/deborahannwoll\/\" target=\"_blank\"><strong>Deborah Ann Woll<\/strong><\/a> en el papel de (Karen Page). <\/p>\n\n\n\n<h3 class=\"wp-block-heading\">Conclusi\u00f3n <\/h3>\n\n\n\n<p>En pocas palabras: Excelente historia, gui\u00f3n, apartado de vestuario y fotograf\u00eda. <\/p>","protected":false},"excerpt":{"rendered":"<p>Puntuaci\u00f3n: &#x2b50;&#x2b50;&#x2b50;&#x2b50; Siempre recomiendo no juzgar un t\u00edtulo por su portada y es que te puede sorprender. Sipnosis Ciego desde que era joven, Matt Murdock (Charlie Cox) lucha contra la injusticia de d\u00eda como abogado y por la noche como Daredevil en Nueva York. Valoraci\u00f3n Est\u00e9 t\u00edtulo posiblemente sea una de las mejores series de &hellip;<\/p>","protected":false},"author":2,"featured_media":11262,"comment_status":"closed","ping_status":"closed","sticky":false,"template":"","format":"standard","meta":{"jetpack_post_was_ever_published":false,"_jetpack_newsletter_access":"","_jetpack_dont_email_post_to_subs":false,"_jetpack_newsletter_tier_id":0,"_jetpack_memberships_contains_paywalled_content":false,"_jetpack_memberships_contains_paid_content":false,"footnotes":"","jetpack_publicize_message":"","jetpack_publicize_feature_enabled":true,"jetpack_social_post_already_shared":true,"jetpack_social_options":{"image_generator_settings":{"template":"highway","default_image_id":0,"font":"","enabled":false},"version":2}},"categories":[733,732],"tags":[682,907],"class_list":["post-11260","post","type-post","status-publish","format-standard","has-post-thumbnail","hentry","category-originales-de-netflix","category-series","tag-accion-y-aventura","tag-energico"],"jetpack_publicize_connections":[],"jetpack_featured_media_url":"https:\/\/www.macquero.com\/wp-content\/uploads\/2020\/09\/www.macquero.com-opinion-daredevil-ddd.jpg","jetpack_sharing_enabled":true,"_links":{"self":[{"href":"https:\/\/www.macquero.com\/en\/wp-json\/wp\/v2\/posts\/11260","targetHints":{"allow":["GET"]}}],"collection":[{"href":"https:\/\/www.macquero.com\/en\/wp-json\/wp\/v2\/posts"}],"about":[{"href":"https:\/\/www.macquero.com\/en\/wp-json\/wp\/v2\/types\/post"}],"author":[{"embeddable":true,"href":"https:\/\/www.macquero.com\/en\/wp-json\/wp\/v2\/users\/2"}],"replies":[{"embeddable":true,"href":"https:\/\/www.macquero.com\/en\/wp-json\/wp\/v2\/comments?post=11260"}],"version-history":[{"count":4,"href":"https:\/\/www.macquero.com\/en\/wp-json\/wp\/v2\/posts\/11260\/revisions"}],"predecessor-version":[{"id":15670,"href":"https:\/\/www.macquero.com\/en\/wp-json\/wp\/v2\/posts\/11260\/revisions\/15670"}],"wp:featuredmedia":[{"embeddable":true,"href":"https:\/\/www.macquero.com\/en\/wp-json\/wp\/v2\/media\/11262"}],"wp:attachment":[{"href":"https:\/\/www.macquero.com\/en\/wp-json\/wp\/v2\/media?parent=11260"}],"wp:term":[{"taxonomy":"category","embeddable":true,"href":"https:\/\/www.macquero.com\/en\/wp-json\/wp\/v2\/categories?post=11260"},{"taxonomy":"post_tag","embeddable":true,"href":"https:\/\/www.macquero.com\/en\/wp-json\/wp\/v2\/tags?post=11260"}],"curies":[{"name":"wp","href":"https:\/\/api.w.org\/{rel}","templated":true}]}}