{"id":11245,"date":"2020-09-20T00:05:03","date_gmt":"2020-09-20T05:05:03","guid":{"rendered":"http:\/\/www.macquero.com\/?p=11245"},"modified":"2021-10-31T18:57:15","modified_gmt":"2021-11-01T00:57:15","slug":"opinion-no-respires-dont-breathe","status":"publish","type":"post","link":"https:\/\/www.macquero.com\/en\/2020\/09\/opinion-no-respires-dont-breathe\/","title":{"rendered":"No Respires. &#8211; Don&#8217;t Breathe."},"content":{"rendered":"<p><strong>Puntuaci\u00f3n:<\/strong> &#x2b50;&#xfe0f;&#x2b50;&#xfe0f;&#x2b50;&#xfe0f;&#x2b50;&#xfe0f;<\/p>\n\n\n\n<p>Mi siguiente recomendaci\u00f3n es un thriller verdaderamente emocionante. <\/p>\n\n\n\n<p>Para que te de un poquito de miedo, recomendamos que la veas de noche. <\/p>\n\n\n\n<h3 class=\"wp-block-heading\">Sipnosis<\/h3>\n\n\n\n<p>Unos ladrones saben que un ciego guarda mucho dinero en su vivienda y entran en su casa para robarle. Pero descubren que el hombre guarda un secreto terrible y lo que parec\u00eda un atraco sencillo se termina convirtiendo en la peor pesadilla de sus vidas.<\/p>\n\n\n\n<h3 class=\"wp-block-heading\">Valoraci\u00f3n<\/h3>\n\n\n\n<p>El director uruguayo <strong>Fede Alvarez<\/strong> dibuja un sorpresivo y claustrof\u00f3bico relato de horror con momentos llenos de sobrada tensi\u00f3n en un thriller no apto para miedosos.<\/p>\n\n\n\n<p>Me aventur\u00e9 a verla por el reparto integral. Protagonizada por&nbsp;<a rel=\"noreferrer noopener\" aria-label=\"Jane Levy (opens in a new tab)\" href=\"https:\/\/www.instagram.com\/janeclevy\/\" target=\"_blank\"><strong>Jane Levy<\/strong><\/a>,&nbsp;<a rel=\"noreferrer noopener\" aria-label=\"Stephen Lang (opens in a new tab)\" href=\"https:\/\/www.instagram.com\/slang_711\" target=\"_blank\"><strong>Stephen Lang<\/strong><\/a>,&nbsp;<a rel=\"noreferrer noopener\" aria-label=\"Dylan Minnette (opens in a new tab)\" href=\"https:\/\/www.instagram.com\/dylanminnette\" target=\"_blank\"><strong>Dylan Minnette<\/strong><\/a>&nbsp;(13 Reasons Why) y&nbsp;<a href=\"https:\/\/www.instagram.com\/thatzovatt\/\" target=\"_blank\" rel=\"noreferrer noopener\" aria-label=\"Daniel Zovatto (opens in a new tab)\"><strong>Daniel Zovatto<\/strong><\/a>.&nbsp; <\/p>\n\n\n\n<p>La historia tiene varias vertientes una m\u00e1s escalofriante que la otra, creando un clima de ansiedad y tensi\u00f3n que va&nbsp;en aumento seg\u00fan avanza los minutos del rodaje.<\/p>\n\n\n\n<p>No te la voy a contar, tienes que verla.  <\/p>","protected":false},"excerpt":{"rendered":"<p>Puntuaci\u00f3n: &#x2b50;&#xfe0f;&#x2b50;&#xfe0f;&#x2b50;&#xfe0f;&#x2b50;&#xfe0f; Mi siguiente recomendaci\u00f3n es un thriller verdaderamente emocionante. Para que te de un poquito de miedo, recomendamos que la veas de noche. Sipnosis Unos ladrones saben que un ciego guarda mucho dinero en su vivienda y entran en su casa para robarle. Pero descubren que el hombre guarda un secreto terrible y lo &hellip;<\/p>","protected":false},"author":2,"featured_media":11247,"comment_status":"closed","ping_status":"closed","sticky":false,"template":"","format":"standard","meta":{"jetpack_post_was_ever_published":false,"_jetpack_newsletter_access":"","_jetpack_dont_email_post_to_subs":false,"_jetpack_newsletter_tier_id":0,"_jetpack_memberships_contains_paywalled_content":false,"_jetpack_memberships_contains_paid_content":false,"footnotes":"","jetpack_publicize_message":"","jetpack_publicize_feature_enabled":true,"jetpack_social_post_already_shared":true,"jetpack_social_options":{"image_generator_settings":{"template":"highway","default_image_id":0,"font":"","enabled":false},"version":2}},"categories":[766],"tags":[579],"class_list":["post-11245","post","type-post","status-publish","format-standard","has-post-thumbnail","hentry","category-cine-netflix","tag-thriller"],"jetpack_publicize_connections":[],"jetpack_featured_media_url":"https:\/\/www.macquero.com\/wp-content\/uploads\/2020\/09\/www.macquero.com-opinion-no-respires-dont-breathe-res.jpg","jetpack_sharing_enabled":true,"_links":{"self":[{"href":"https:\/\/www.macquero.com\/en\/wp-json\/wp\/v2\/posts\/11245","targetHints":{"allow":["GET"]}}],"collection":[{"href":"https:\/\/www.macquero.com\/en\/wp-json\/wp\/v2\/posts"}],"about":[{"href":"https:\/\/www.macquero.com\/en\/wp-json\/wp\/v2\/types\/post"}],"author":[{"embeddable":true,"href":"https:\/\/www.macquero.com\/en\/wp-json\/wp\/v2\/users\/2"}],"replies":[{"embeddable":true,"href":"https:\/\/www.macquero.com\/en\/wp-json\/wp\/v2\/comments?post=11245"}],"version-history":[{"count":3,"href":"https:\/\/www.macquero.com\/en\/wp-json\/wp\/v2\/posts\/11245\/revisions"}],"predecessor-version":[{"id":14745,"href":"https:\/\/www.macquero.com\/en\/wp-json\/wp\/v2\/posts\/11245\/revisions\/14745"}],"wp:featuredmedia":[{"embeddable":true,"href":"https:\/\/www.macquero.com\/en\/wp-json\/wp\/v2\/media\/11247"}],"wp:attachment":[{"href":"https:\/\/www.macquero.com\/en\/wp-json\/wp\/v2\/media?parent=11245"}],"wp:term":[{"taxonomy":"category","embeddable":true,"href":"https:\/\/www.macquero.com\/en\/wp-json\/wp\/v2\/categories?post=11245"},{"taxonomy":"post_tag","embeddable":true,"href":"https:\/\/www.macquero.com\/en\/wp-json\/wp\/v2\/tags?post=11245"}],"curies":[{"name":"wp","href":"https:\/\/api.w.org\/{rel}","templated":true}]}}