{"id":11131,"date":"2020-09-05T14:19:35","date_gmt":"2020-09-05T19:19:35","guid":{"rendered":"http:\/\/www.macquero.com\/?p=11131"},"modified":"2020-09-05T14:22:38","modified_gmt":"2020-09-05T19:22:38","slug":"opinion-el-tamano-si-importa","status":"publish","type":"post","link":"https:\/\/www.macquero.com\/en\/2020\/09\/opinion-el-tamano-si-importa\/","title":{"rendered":"Opini\u00f3n: El tama\u00f1o s\u00ed importa."},"content":{"rendered":"<p>Mi siguiente recomendaci\u00f3n es una pel\u00edcula de comedia rom\u00e1ntica de producci\u00f3n mexicana, que apareci\u00f3 estos d\u00edas en tendencias.<\/p>\n\n\n\n<h3 class=\"wp-block-heading\">Sipnosis  <\/h3>\n\n\n\n<p>Una joven alejada de los est\u00e1ndares de belleza impuestos intentar\u00e1 conquistar a su apuesto y carism\u00e1tico ex jefe, quien est\u00e1 acostumbrado a relacionarse con bellas actrices y modelos.<\/p>\n\n\n\n<figure class=\"wp-block-embed-youtube wp-block-embed is-type-video is-provider-youtube wp-embed-aspect-16-9 wp-has-aspect-ratio\"><div class=\"wp-block-embed__wrapper\">\n<span class=\"embed-youtube\" style=\"text-align:center; display: block;\"><iframe loading=\"lazy\" class=\"youtube-player\" width=\"640\" height=\"360\" src=\"https:\/\/www.youtube.com\/embed\/-IzzVIWVf6E?version=3&#038;rel=1&#038;showsearch=0&#038;showinfo=1&#038;iv_load_policy=1&#038;fs=1&#038;hl=en-US&#038;autohide=2&#038;wmode=transparent\" allowfullscreen=\"true\" style=\"border:0;\" sandbox=\"allow-scripts allow-same-origin allow-popups allow-presentation allow-popups-to-escape-sandbox\"><\/iframe><\/span>\n<\/div><figcaption><strong>Tr\u00e1iler<\/strong><\/figcaption><\/figure>\n\n\n\n<h3 class=\"wp-block-heading\">Valoraci\u00f3n<\/h3>\n\n\n\n<p>En lo personal disfruto mucho de pel\u00edculas y series de producci\u00f3n con sello mexicano, porque, simplemente las que he visto merecen reconocimiento en nuestro blog y solo a trav\u00e9s de Netflix puedo llegar a ellas. As\u00ed que gracias por eso.<\/p>\n\n\n\n<p>La cinta brilla por el papel de <a rel=\"noreferrer noopener\" aria-label=\"Ximena Ayala (opens in a new tab)\" href=\"https:\/\/www.instagram.com\/ximenaayala\" target=\"_blank\"><strong>Ximena Ayala<\/strong><\/a> qu\u00e9 adem\u00e1s de elegante, su actuaci\u00f3n <strong>es la m\u00e1s convincente<\/strong> de todos los que integran el rodaje, sobre todo por el mensaje que deja.<\/p>\n\n\n\n<p><strong>Puntuaci\u00f3n:<\/strong> &#x2b50;&#xfe0f;&#x2b50;&#xfe0f; + &#x2b50;&#xfe0f; <\/p>\n\n\n\n<p>La tercera estrella es por la belleza de <strong>Ximena<\/strong>. &#x2764;&#xfe0f;&#xfe0f;<\/p>","protected":false},"excerpt":{"rendered":"<p>Mi siguiente recomendaci\u00f3n es una pel\u00edcula de comedia rom\u00e1ntica de producci\u00f3n mexicana, que apareci\u00f3 estos d\u00edas en tendencias. Sipnosis Una joven alejada de los est\u00e1ndares de belleza impuestos intentar\u00e1 conquistar a su apuesto y carism\u00e1tico ex jefe, quien est\u00e1 acostumbrado a relacionarse con bellas actrices y modelos. Tr\u00e1iler Valoraci\u00f3n En lo personal disfruto mucho de &hellip;<\/p>","protected":false},"author":2,"featured_media":11133,"comment_status":"closed","ping_status":"closed","sticky":false,"template":"","format":"standard","meta":{"jetpack_post_was_ever_published":false,"_jetpack_newsletter_access":"","_jetpack_dont_email_post_to_subs":false,"_jetpack_newsletter_tier_id":0,"_jetpack_memberships_contains_paywalled_content":false,"_jetpack_memberships_contains_paid_content":false,"footnotes":"","jetpack_publicize_message":"","jetpack_publicize_feature_enabled":true,"jetpack_social_post_already_shared":true,"jetpack_social_options":{"image_generator_settings":{"template":"highway","default_image_id":0,"font":"","enabled":false},"version":2}},"categories":[696,766],"tags":[683,378],"class_list":["post-11131","post","type-post","status-publish","format-standard","has-post-thumbnail","hentry","category-netflix","category-cine-netflix","tag-comedia","tag-romance"],"jetpack_publicize_connections":[],"jetpack_featured_media_url":"https:\/\/www.macquero.com\/wp-content\/uploads\/2020\/09\/www.macquero.com-opinion-el-tamano-si-importa-tam.jpg","jetpack_sharing_enabled":true,"_links":{"self":[{"href":"https:\/\/www.macquero.com\/en\/wp-json\/wp\/v2\/posts\/11131","targetHints":{"allow":["GET"]}}],"collection":[{"href":"https:\/\/www.macquero.com\/en\/wp-json\/wp\/v2\/posts"}],"about":[{"href":"https:\/\/www.macquero.com\/en\/wp-json\/wp\/v2\/types\/post"}],"author":[{"embeddable":true,"href":"https:\/\/www.macquero.com\/en\/wp-json\/wp\/v2\/users\/2"}],"replies":[{"embeddable":true,"href":"https:\/\/www.macquero.com\/en\/wp-json\/wp\/v2\/comments?post=11131"}],"version-history":[{"count":3,"href":"https:\/\/www.macquero.com\/en\/wp-json\/wp\/v2\/posts\/11131\/revisions"}],"predecessor-version":[{"id":11136,"href":"https:\/\/www.macquero.com\/en\/wp-json\/wp\/v2\/posts\/11131\/revisions\/11136"}],"wp:featuredmedia":[{"embeddable":true,"href":"https:\/\/www.macquero.com\/en\/wp-json\/wp\/v2\/media\/11133"}],"wp:attachment":[{"href":"https:\/\/www.macquero.com\/en\/wp-json\/wp\/v2\/media?parent=11131"}],"wp:term":[{"taxonomy":"category","embeddable":true,"href":"https:\/\/www.macquero.com\/en\/wp-json\/wp\/v2\/categories?post=11131"},{"taxonomy":"post_tag","embeddable":true,"href":"https:\/\/www.macquero.com\/en\/wp-json\/wp\/v2\/tags?post=11131"}],"curies":[{"name":"wp","href":"https:\/\/api.w.org\/{rel}","templated":true}]}}