{"id":11071,"date":"2020-08-29T19:45:09","date_gmt":"2020-08-30T00:45:09","guid":{"rendered":"http:\/\/www.macquero.com\/?p=11071"},"modified":"2020-08-29T19:45:16","modified_gmt":"2020-08-30T00:45:16","slug":"estreno-la-esperanza-esa-cosa-con-plumas-all-together-now","status":"publish","type":"post","link":"https:\/\/www.macquero.com\/en\/2020\/08\/estreno-la-esperanza-esa-cosa-con-plumas-all-together-now\/","title":{"rendered":"Estreno: La esperanza, esa cosa con plumas. &#8211; All Together Now."},"content":{"rendered":"<p>A la oferta de estrenos para el fin de semana se suma est\u00e1 cinta llena de profunda emotividad.<\/p>\n\n\n\n<h3 class=\"wp-block-heading\">Sipnosis <\/h3>\n\n\n\n<p>All Together Now es una pel\u00edcula de drama estadounidense de 2020 dirigida por Brett Haley, a partir de un gui\u00f3n de Haley, Marc Basch, Matthew Quick y Ol Parker. <\/p>\n\n\n\n<figure class=\"wp-block-embed-youtube wp-block-embed is-type-video is-provider-youtube wp-embed-aspect-16-9 wp-has-aspect-ratio\"><div class=\"wp-block-embed__wrapper\">\n<span class=\"embed-youtube\" style=\"text-align:center; display: block;\"><iframe loading=\"lazy\" class=\"youtube-player\" width=\"640\" height=\"360\" src=\"https:\/\/www.youtube.com\/embed\/wMWBHL5NZbU?version=3&#038;rel=1&#038;showsearch=0&#038;showinfo=1&#038;iv_load_policy=1&#038;fs=1&#038;hl=en-US&#038;autohide=2&#038;wmode=transparent\" allowfullscreen=\"true\" style=\"border:0;\" sandbox=\"allow-scripts allow-same-origin allow-popups allow-presentation allow-popups-to-escape-sandbox\"><\/iframe><\/span>\n<\/div><figcaption><strong>Tr\u00e1iler<\/strong><\/figcaption><\/figure>\n\n\n\n<p>Amber Appleton (<strong>Auli\u2019i Cravalho<\/strong>) es una optimista obstinada, incluso si su vida personal es mucho menos estable de lo que parece. (No encontr\u00e9 un Instagram oficial de la joven actriz).<\/p>\n\n\n\n<h3 class=\"wp-block-heading\">Valoraci\u00f3n<\/h3>\n\n\n\n<p>Adem\u00e1s de la mencionada actuaci\u00f3n estelar, el film cuenta con las actuaciones de\u00a0<strong><a rel=\"noreferrer noopener\" aria-label=\"Rhenzy Feliz (opens in a new tab)\" href=\"https:\/\/www.instagram.com\/rhenzyfeliz\/\" target=\"_blank\">Rhenzy Feliz<\/a><\/strong>,\u00a0<strong><a rel=\"noreferrer noopener\" aria-label=\"Judy Reyes (opens in a new tab)\" href=\"https:\/\/www.instagram.com\/itisijudyreyes1\/\" target=\"_blank\">Judy Reyes<\/a><\/strong>,\u00a0<strong><a rel=\"noreferrer noopener\" aria-label=\"Taylor Richardson (opens in a new tab)\" href=\"https:\/\/www.instagram.com\/misstaylorrichardson\/\" target=\"_blank\">Taylor Richardson<\/a><\/strong>,\u00a0y\u00a0<strong><a rel=\"noreferrer noopener\" aria-label=\"Gerald Isaac Waters. (opens in a new tab)\" href=\"https:\/\/www.instagram.com\/officialhumptydumpty\/\" target=\"_blank\">Gerald Isaac Waters<\/a><\/strong> entre otros.<\/p>\n\n\n\n<p>Dirigida por\u00a0Brett Haley\u00a0(<a href=\"\/en\/2020\/02\/opinion-all-the-bright-places-violet-finch-recomendada\/\" target=\"_blank\" rel=\"noreferrer noopener\" aria-label=\"Violet y Finch (opens in a new tab)\"><strong>Violet y Finch<\/strong><\/a>)\u00a0y basada en la novela de\u00a0Matthew Quick\u00a0\u00abSorta Like a Rock Star\u00bb,\u00a0\u00abLa esperanza, esa cosa con plumas\u00bb\u00a0es una historia sobre ver brillar una luz cuando todo parece perdido.<\/p>\n\n\n\n<p>Una nueva historia dise\u00f1ada para un p\u00fablico joven, conmovedora de muchas maneras y llena de profunda empat\u00eda. \u00a1Te la recomendamos! <\/p>\n\n\n\n<p><strong>Puntuaci\u00f3n:<\/strong> &#x2b50;&#xfe0f;&#x2b50;&#xfe0f;&#x2b50;&#xfe0f;&#x2b50;&#xfe0f;&#x2b50;&#xfe0f;<\/p>","protected":false},"excerpt":{"rendered":"<p>A la oferta de estrenos para el fin de semana se suma est\u00e1 cinta llena de profunda emotividad. Sipnosis All Together Now es una pel\u00edcula de drama estadounidense de 2020 dirigida por Brett Haley, a partir de un gui\u00f3n de Haley, Marc Basch, Matthew Quick y Ol Parker. Tr\u00e1iler Amber Appleton (Auli\u2019i Cravalho) es una &hellip;<\/p>","protected":false},"author":2,"featured_media":11075,"comment_status":"closed","ping_status":"closed","sticky":false,"template":"","format":"standard","meta":{"jetpack_post_was_ever_published":false,"_jetpack_newsletter_access":"","_jetpack_dont_email_post_to_subs":false,"_jetpack_newsletter_tier_id":0,"_jetpack_memberships_contains_paywalled_content":false,"_jetpack_memberships_contains_paid_content":false,"footnotes":"","jetpack_publicize_message":"","jetpack_publicize_feature_enabled":true,"jetpack_social_post_already_shared":true,"jetpack_social_options":{"image_generator_settings":{"template":"highway","default_image_id":0,"font":"","enabled":false},"version":2}},"categories":[872,731,766],"tags":[801,775],"class_list":["post-11071","post","type-post","status-publish","format-standard","has-post-thumbnail","hentry","category-calendario-netflix","category-estrenos-y-lanzamientos","category-cine-netflix","tag-drama-juvenil","tag-emotivo"],"jetpack_publicize_connections":[],"jetpack_featured_media_url":"https:\/\/www.macquero.com\/wp-content\/uploads\/2020\/08\/www.macquero.com-estreno-la-esperanza-esa-cosa-con-plumas-all-together-now-plu.jpg","jetpack_sharing_enabled":true,"_links":{"self":[{"href":"https:\/\/www.macquero.com\/en\/wp-json\/wp\/v2\/posts\/11071","targetHints":{"allow":["GET"]}}],"collection":[{"href":"https:\/\/www.macquero.com\/en\/wp-json\/wp\/v2\/posts"}],"about":[{"href":"https:\/\/www.macquero.com\/en\/wp-json\/wp\/v2\/types\/post"}],"author":[{"embeddable":true,"href":"https:\/\/www.macquero.com\/en\/wp-json\/wp\/v2\/users\/2"}],"replies":[{"embeddable":true,"href":"https:\/\/www.macquero.com\/en\/wp-json\/wp\/v2\/comments?post=11071"}],"version-history":[{"count":3,"href":"https:\/\/www.macquero.com\/en\/wp-json\/wp\/v2\/posts\/11071\/revisions"}],"predecessor-version":[{"id":11076,"href":"https:\/\/www.macquero.com\/en\/wp-json\/wp\/v2\/posts\/11071\/revisions\/11076"}],"wp:featuredmedia":[{"embeddable":true,"href":"https:\/\/www.macquero.com\/en\/wp-json\/wp\/v2\/media\/11075"}],"wp:attachment":[{"href":"https:\/\/www.macquero.com\/en\/wp-json\/wp\/v2\/media?parent=11071"}],"wp:term":[{"taxonomy":"category","embeddable":true,"href":"https:\/\/www.macquero.com\/en\/wp-json\/wp\/v2\/categories?post=11071"},{"taxonomy":"post_tag","embeddable":true,"href":"https:\/\/www.macquero.com\/en\/wp-json\/wp\/v2\/tags?post=11071"}],"curies":[{"name":"wp","href":"https:\/\/api.w.org\/{rel}","templated":true}]}}