{"id":11030,"date":"2020-08-23T10:57:44","date_gmt":"2020-08-23T15:57:44","guid":{"rendered":"http:\/\/www.macquero.com\/?p=11030"},"modified":"2020-08-23T10:57:49","modified_gmt":"2020-08-23T15:57:49","slug":"una-noticia-triste-para-los-fans-de-esta-mierda-me-supera-i-am-not-okay-with-this-y-the-society-ambas-han-sido-canceladas","status":"publish","type":"post","link":"https:\/\/www.macquero.com\/en\/2020\/08\/una-noticia-triste-para-los-fans-de-esta-mierda-me-supera-i-am-not-okay-with-this-y-the-society-ambas-han-sido-canceladas\/","title":{"rendered":"Una noticia triste, para los fans de: &#8220;Est\u00e1 mierda me supera. &#8211; I am not okay with this.&#8221; Y &#8220;The Society&#8221;, ambas han sido canceladas."},"content":{"rendered":"<p>La pandemia del Coronavirus ha afectado fuertemente a la industria del  cine y la televisi\u00f3n. Los servicios de streaming no se quedan atr\u00e1s, no solo con el retraso de sus producciones sino tambi\u00e9n en la medici\u00f3n de los costos y algunas de ellas seg\u00fan t\u00edo Netflix no son lo suficientemente rentables como para seguir realiz\u00e1ndolas.<\/p>\n\n\n\n<p>Esto es una gran decepci\u00f3n para los fan\u00e1ticos de las series (incluy\u00e9ndome) ya que las primeras temporadas hab\u00edan concluido con un final abierto y la  historia de ambas ten\u00edan mucho contenido para seguir explorando. <\/p>\n\n\n\n<p>Carita triste. &#x1f614;<\/p>","protected":false},"excerpt":{"rendered":"<p>La pandemia del Coronavirus ha afectado fuertemente a la industria del cine y la televisi\u00f3n. Los servicios de streaming no se quedan atr\u00e1s, no solo con el retraso de sus producciones sino tambi\u00e9n en la medici\u00f3n de los costos y algunas de ellas seg\u00fan t\u00edo Netflix no son lo suficientemente rentables como para seguir realiz\u00e1ndolas. &hellip;<\/p>","protected":false},"author":2,"featured_media":11032,"comment_status":"closed","ping_status":"closed","sticky":false,"template":"","format":"standard","meta":{"jetpack_post_was_ever_published":false,"_jetpack_newsletter_access":"","_jetpack_dont_email_post_to_subs":false,"_jetpack_newsletter_tier_id":0,"_jetpack_memberships_contains_paywalled_content":false,"_jetpack_memberships_contains_paid_content":false,"footnotes":"","jetpack_publicize_message":"","jetpack_publicize_feature_enabled":true,"jetpack_social_post_already_shared":true,"jetpack_social_options":{"image_generator_settings":{"template":"highway","default_image_id":0,"font":"","enabled":false},"version":2}},"categories":[696],"tags":[286],"class_list":["post-11030","post","type-post","status-publish","format-standard","has-post-thumbnail","hentry","category-netflix","tag-novedades"],"jetpack_publicize_connections":[],"jetpack_featured_media_url":"https:\/\/www.macquero.com\/wp-content\/uploads\/2020\/08\/www.macquero.com-una-noticia-triste-para-los-fans-de-esta-mierda-me-supera-i-am-not-okay-with-this-y-the-society-ambas-han-sido-canceladas-fli-scaled.jpg","jetpack_sharing_enabled":true,"_links":{"self":[{"href":"https:\/\/www.macquero.com\/en\/wp-json\/wp\/v2\/posts\/11030","targetHints":{"allow":["GET"]}}],"collection":[{"href":"https:\/\/www.macquero.com\/en\/wp-json\/wp\/v2\/posts"}],"about":[{"href":"https:\/\/www.macquero.com\/en\/wp-json\/wp\/v2\/types\/post"}],"author":[{"embeddable":true,"href":"https:\/\/www.macquero.com\/en\/wp-json\/wp\/v2\/users\/2"}],"replies":[{"embeddable":true,"href":"https:\/\/www.macquero.com\/en\/wp-json\/wp\/v2\/comments?post=11030"}],"version-history":[{"count":1,"href":"https:\/\/www.macquero.com\/en\/wp-json\/wp\/v2\/posts\/11030\/revisions"}],"predecessor-version":[{"id":11033,"href":"https:\/\/www.macquero.com\/en\/wp-json\/wp\/v2\/posts\/11030\/revisions\/11033"}],"wp:featuredmedia":[{"embeddable":true,"href":"https:\/\/www.macquero.com\/en\/wp-json\/wp\/v2\/media\/11032"}],"wp:attachment":[{"href":"https:\/\/www.macquero.com\/en\/wp-json\/wp\/v2\/media?parent=11030"}],"wp:term":[{"taxonomy":"category","embeddable":true,"href":"https:\/\/www.macquero.com\/en\/wp-json\/wp\/v2\/categories?post=11030"},{"taxonomy":"post_tag","embeddable":true,"href":"https:\/\/www.macquero.com\/en\/wp-json\/wp\/v2\/tags?post=11030"}],"curies":[{"name":"wp","href":"https:\/\/api.w.org\/{rel}","templated":true}]}}