{"id":10932,"date":"2020-08-12T13:49:47","date_gmt":"2020-08-12T18:49:47","guid":{"rendered":"http:\/\/www.macquero.com\/?p=10932"},"modified":"2020-08-12T13:49:52","modified_gmt":"2020-08-12T18:49:52","slug":"estreno-greenleaf-temporada-final","status":"publish","type":"post","link":"https:\/\/www.macquero.com\/en\/2020\/08\/estreno-greenleaf-temporada-final\/","title":{"rendered":"Estreno: Greenleaf. Temporada final."},"content":{"rendered":"<p>Netflix se despedir\u00e1 de algunas de las series m\u00e1s importantes de su cat\u00e1logo con una \u00faltima temporada. Y est\u00e1 es una de ellas.<\/p>\n\n\n\n<p>La cadena <strong>OWN<\/strong> (perteneciente a la famosa\u00a0Oprah Winfrey)\u00a0ya anunci\u00f3 que la quinta temporada del drama sobre una mega iglesia ambientado en Tennessee, Greenleaf, ser\u00e1 la \u00faltima de todas.<\/p>\n\n\n\n<figure class=\"wp-block-embed-youtube wp-block-embed is-type-video is-provider-youtube wp-embed-aspect-16-9 wp-has-aspect-ratio\"><div class=\"wp-block-embed__wrapper\">\n<span class=\"embed-youtube\" style=\"text-align:center; display: block;\"><iframe loading=\"lazy\" class=\"youtube-player\" width=\"640\" height=\"360\" src=\"https:\/\/www.youtube.com\/embed\/5gJn3szNJ9w?version=3&#038;rel=1&#038;showsearch=0&#038;showinfo=1&#038;iv_load_policy=1&#038;fs=1&#038;hl=en-US&#038;autohide=2&#038;wmode=transparent\" allowfullscreen=\"true\" style=\"border:0;\" sandbox=\"allow-scripts allow-same-origin allow-popups allow-presentation allow-popups-to-escape-sandbox\"><\/iframe><\/span>\n<\/div><figcaption><strong>Tr\u00e1iler.<\/strong><\/figcaption><\/figure>\n\n\n\n<p>Est\u00e1 temporada ser\u00e1 reveladora, pero tambi\u00e9n bastante emotiva. Si la sigues no puedes dejarla pasar. \u00a1Gran cierre!<\/p>","protected":false},"excerpt":{"rendered":"<p>Netflix se despedir\u00e1 de algunas de las series m\u00e1s importantes de su cat\u00e1logo con una \u00faltima temporada. Y est\u00e1 es una de ellas. La cadena OWN (perteneciente a la famosa\u00a0Oprah Winfrey)\u00a0ya anunci\u00f3 que la quinta temporada del drama sobre una mega iglesia ambientado en Tennessee, Greenleaf, ser\u00e1 la \u00faltima de todas. Tr\u00e1iler. Est\u00e1 temporada ser\u00e1 &hellip;<\/p>","protected":false},"author":2,"featured_media":10934,"comment_status":"closed","ping_status":"closed","sticky":false,"template":"","format":"standard","meta":{"jetpack_post_was_ever_published":false,"_jetpack_newsletter_access":"","_jetpack_dont_email_post_to_subs":false,"_jetpack_newsletter_tier_id":0,"_jetpack_memberships_contains_paywalled_content":false,"_jetpack_memberships_contains_paid_content":false,"footnotes":"","jetpack_publicize_message":"","jetpack_publicize_feature_enabled":true,"jetpack_social_post_already_shared":true,"jetpack_social_options":{"image_generator_settings":{"template":"highway","default_image_id":0,"font":"","enabled":false},"version":2}},"categories":[872,731,733,732],"tags":[303,786],"class_list":["post-10932","post","type-post","status-publish","format-standard","has-post-thumbnail","hentry","category-calendario-netflix","category-estrenos-y-lanzamientos","category-originales-de-netflix","category-series","tag-drama","tag-emotiva"],"jetpack_publicize_connections":[],"jetpack_featured_media_url":"https:\/\/www.macquero.com\/wp-content\/uploads\/2020\/08\/www.macquero.com-estreno-greenleaf-temporada-final-gre.jpg","jetpack_sharing_enabled":true,"_links":{"self":[{"href":"https:\/\/www.macquero.com\/en\/wp-json\/wp\/v2\/posts\/10932","targetHints":{"allow":["GET"]}}],"collection":[{"href":"https:\/\/www.macquero.com\/en\/wp-json\/wp\/v2\/posts"}],"about":[{"href":"https:\/\/www.macquero.com\/en\/wp-json\/wp\/v2\/types\/post"}],"author":[{"embeddable":true,"href":"https:\/\/www.macquero.com\/en\/wp-json\/wp\/v2\/users\/2"}],"replies":[{"embeddable":true,"href":"https:\/\/www.macquero.com\/en\/wp-json\/wp\/v2\/comments?post=10932"}],"version-history":[{"count":1,"href":"https:\/\/www.macquero.com\/en\/wp-json\/wp\/v2\/posts\/10932\/revisions"}],"predecessor-version":[{"id":10935,"href":"https:\/\/www.macquero.com\/en\/wp-json\/wp\/v2\/posts\/10932\/revisions\/10935"}],"wp:featuredmedia":[{"embeddable":true,"href":"https:\/\/www.macquero.com\/en\/wp-json\/wp\/v2\/media\/10934"}],"wp:attachment":[{"href":"https:\/\/www.macquero.com\/en\/wp-json\/wp\/v2\/media?parent=10932"}],"wp:term":[{"taxonomy":"category","embeddable":true,"href":"https:\/\/www.macquero.com\/en\/wp-json\/wp\/v2\/categories?post=10932"},{"taxonomy":"post_tag","embeddable":true,"href":"https:\/\/www.macquero.com\/en\/wp-json\/wp\/v2\/tags?post=10932"}],"curies":[{"name":"wp","href":"https:\/\/api.w.org\/{rel}","templated":true}]}}