{"id":10894,"date":"2020-08-08T09:17:28","date_gmt":"2020-08-08T14:17:28","guid":{"rendered":"http:\/\/www.macquero.com\/?p=10894"},"modified":"2020-08-08T09:17:41","modified_gmt":"2020-08-08T14:17:41","slug":"estreno-alta-mar-temporada-final","status":"publish","type":"post","link":"https:\/\/www.macquero.com\/en\/2020\/08\/estreno-alta-mar-temporada-final\/","title":{"rendered":"Estreno: Alta Mar. Temporada final."},"content":{"rendered":"<p>Entre las innumerables series que se estrenaron el d\u00eda de ayer, Alta Mar llega con seis nuevos episodios, repletos de intriga y misterio.<\/p>\n\n\n\n<figure class=\"wp-block-embed-youtube wp-block-embed is-type-video is-provider-youtube wp-embed-aspect-16-9 wp-has-aspect-ratio\"><div class=\"wp-block-embed__wrapper\">\n<span class=\"embed-youtube\" style=\"text-align:center; display: block;\"><iframe loading=\"lazy\" class=\"youtube-player\" width=\"640\" height=\"360\" src=\"https:\/\/www.youtube.com\/embed\/laL6StM1CtA?version=3&#038;rel=1&#038;showsearch=0&#038;showinfo=1&#038;iv_load_policy=1&#038;fs=1&#038;hl=en-US&#038;autohide=2&#038;wmode=transparent\" allowfullscreen=\"true\" style=\"border:0;\" sandbox=\"allow-scripts allow-same-origin allow-popups allow-presentation allow-popups-to-escape-sandbox\"><\/iframe><\/span>\n<\/div><figcaption><strong>Tr\u00e1iler<\/strong><\/figcaption><\/figure>\n\n\n\n<p>Una noticia para los fans no muy agradable es que la serie cierra con est\u00e1 temporada de estreno, ya que Netflix\u00a0decidi\u00f3 cancelarla. <\/p>\n\n\n\n<p>La encontr\u00e9 m\u00e1s interesante, qu\u00e9 sus antecesoras.\u00a0Por aqu\u00ed nos aventuramos a embarcar con el resto de pasajeros por la bell\u00edsima <a rel=\"noreferrer noopener\" aria-label=\"Ivana Baquero (opens in a new tab)\" href=\"https:\/\/www.instagram.com\/ivanabaquero\" target=\"_blank\"><strong>Ivana Baquero<\/strong><\/a>.<\/p>\n\n\n\n<p>Decirte qu\u00e9 no hace falta recordar c\u00f3mo termin\u00f3 la segunda temporada. Cada estreno desarrolla, una nueva historia, con nuevos personajes, manteniendo a flote los ya conocidos por todos.<\/p>","protected":false},"excerpt":{"rendered":"<p>Entre las innumerables series que se estrenaron el d\u00eda de ayer, Alta Mar llega con seis nuevos episodios, repletos de intriga y misterio. Tr\u00e1iler Una noticia para los fans no muy agradable es que la serie cierra con est\u00e1 temporada de estreno, ya que Netflix\u00a0decidi\u00f3 cancelarla. La encontr\u00e9 m\u00e1s interesante, qu\u00e9 sus antecesoras.\u00a0Por aqu\u00ed nos &hellip;<\/p>","protected":false},"author":2,"featured_media":10896,"comment_status":"closed","ping_status":"closed","sticky":false,"template":"","format":"standard","meta":{"jetpack_post_was_ever_published":false,"_jetpack_newsletter_access":"","_jetpack_dont_email_post_to_subs":false,"_jetpack_newsletter_tier_id":0,"_jetpack_memberships_contains_paywalled_content":false,"_jetpack_memberships_contains_paid_content":false,"footnotes":"","jetpack_publicize_message":"","jetpack_publicize_feature_enabled":true,"jetpack_social_post_already_shared":true,"jetpack_social_options":{"image_generator_settings":{"template":"highway","default_image_id":0,"font":"","enabled":false},"version":2}},"categories":[872,731,733,732],"tags":[791,838],"class_list":["post-10894","post","type-post","status-publish","format-standard","has-post-thumbnail","hentry","category-calendario-netflix","category-estrenos-y-lanzamientos","category-originales-de-netflix","category-series","tag-intriga","tag-telenovelesco"],"jetpack_publicize_connections":[],"jetpack_featured_media_url":"https:\/\/www.macquero.com\/wp-content\/uploads\/2020\/08\/www.macquero.com-estreno-alta-mar-alta.jpg","jetpack_sharing_enabled":true,"_links":{"self":[{"href":"https:\/\/www.macquero.com\/en\/wp-json\/wp\/v2\/posts\/10894","targetHints":{"allow":["GET"]}}],"collection":[{"href":"https:\/\/www.macquero.com\/en\/wp-json\/wp\/v2\/posts"}],"about":[{"href":"https:\/\/www.macquero.com\/en\/wp-json\/wp\/v2\/types\/post"}],"author":[{"embeddable":true,"href":"https:\/\/www.macquero.com\/en\/wp-json\/wp\/v2\/users\/2"}],"replies":[{"embeddable":true,"href":"https:\/\/www.macquero.com\/en\/wp-json\/wp\/v2\/comments?post=10894"}],"version-history":[{"count":1,"href":"https:\/\/www.macquero.com\/en\/wp-json\/wp\/v2\/posts\/10894\/revisions"}],"predecessor-version":[{"id":10897,"href":"https:\/\/www.macquero.com\/en\/wp-json\/wp\/v2\/posts\/10894\/revisions\/10897"}],"wp:featuredmedia":[{"embeddable":true,"href":"https:\/\/www.macquero.com\/en\/wp-json\/wp\/v2\/media\/10896"}],"wp:attachment":[{"href":"https:\/\/www.macquero.com\/en\/wp-json\/wp\/v2\/media?parent=10894"}],"wp:term":[{"taxonomy":"category","embeddable":true,"href":"https:\/\/www.macquero.com\/en\/wp-json\/wp\/v2\/categories?post=10894"},{"taxonomy":"post_tag","embeddable":true,"href":"https:\/\/www.macquero.com\/en\/wp-json\/wp\/v2\/tags?post=10894"}],"curies":[{"name":"wp","href":"https:\/\/api.w.org\/{rel}","templated":true}]}}