{"id":10882,"date":"2020-08-07T04:53:45","date_gmt":"2020-08-07T09:53:45","guid":{"rendered":"http:\/\/www.macquero.com\/?p=10882"},"modified":"2021-10-26T22:56:34","modified_gmt":"2021-10-27T03:56:34","slug":"estreno-a-cantar-alemania-sing-on-germany","status":"publish","type":"post","link":"https:\/\/www.macquero.com\/en\/2020\/08\/estreno-a-cantar-alemania-sing-on-germany\/","title":{"rendered":"\u00a1A cantar! Alemania. Sing On! Germany."},"content":{"rendered":"<p>Puntuaci\u00f3n: &#x2b50;<\/p>\n\n\n\n<p>Viernes de locura, llegan a la plataforma series nuevas, series favoritas y algunas in\u00e9ditas con nuevas temporadas, pero tambi\u00e9n con propuestas para disfrutar en documentales y pel\u00edculas.<\/p>\n\n\n\n<p>Netflix regresa afinando con &#8220;\u00a1A cantar!&#8221;, ahora en Alemania. <\/p>\n\n\n\n<p>Recordemos que el premio consiste en un pote de 30.000 euros que se ir\u00e1 acumulando en funci\u00f3n de la afinaci\u00f3n de los concursantes. Cuanto m\u00e1s afinen, m\u00e1s dinero acumulan. Todo ello, determinado por un sistema de an\u00e1lisis vocal que compara sus voces con el tono del artista original.<\/p>\n\n\n\n<h3 class=\"wp-block-heading\">Opini\u00f3n<\/h3>\n\n\n\n<p>Ll\u00e1menme paranoico, pero el primer episodio llamado: &#8220;Noche de chicas&#8221; no lo tengo muy claro&#8230; Las sent\u00ed desafinadas \u00bfo escuche mal? -Sobre todo en la ronda de las <strong>3 notas de oro<\/strong>&#8211; con un tema de por s\u00ed, bien exigente. <strong>Chandelier de Sia. <\/strong><\/p>\n\n\n\n<blockquote class=\"wp-block-quote is-layout-flow wp-block-quote-is-layout-flow\"><p>Tendr\u00e9 que volver a escucharla en un volumen m\u00e1s alto. Porque, ahora mismo es de madrugada y mis vecinos no son muy simp\u00e1ticos. <\/p><\/blockquote>\n\n\n\n<p>Es lo qu\u00e9 hay. Solamente pude mirar el primer episodio. Lo \u00fanico qu\u00e9 me ha gustado de est\u00e1 versi\u00f3n es su presentadora: <a rel=\"noreferrer noopener\" aria-label=\"Palina Rojinski (opens in a new tab)\" href=\"https:\/\/www.instagram.com\/palinski\/\" target=\"_blank\"><strong>Palina Rojinski<\/strong><\/a> \u00a1qu\u00e9 sonrisa!, me enamor\u00e9. <\/p>\n\n\n\n<p>El nuevo reality tiene buena pinta, darle o no una oportunidad depender\u00e1 de ti. <\/p>","protected":false},"excerpt":{"rendered":"<p>Puntuaci\u00f3n: &#x2b50; Viernes de locura, llegan a la plataforma series nuevas, series favoritas y algunas in\u00e9ditas con nuevas temporadas, pero tambi\u00e9n con propuestas para disfrutar en documentales y pel\u00edculas. Netflix regresa afinando con &#8220;\u00a1A cantar!&#8221;, ahora en Alemania. Recordemos que el premio consiste en un pote de 30.000 euros que se ir\u00e1 acumulando en funci\u00f3n &hellip;<\/p>","protected":false},"author":2,"featured_media":10884,"comment_status":"closed","ping_status":"closed","sticky":false,"template":"","format":"standard","meta":{"jetpack_post_was_ever_published":false,"_jetpack_newsletter_access":"","_jetpack_dont_email_post_to_subs":false,"_jetpack_newsletter_tier_id":0,"_jetpack_memberships_contains_paywalled_content":false,"_jetpack_memberships_contains_paid_content":false,"footnotes":"","jetpack_publicize_message":"","jetpack_publicize_feature_enabled":true,"jetpack_social_post_already_shared":true,"jetpack_social_options":{"image_generator_settings":{"template":"highway","default_image_id":0,"font":"","enabled":false},"version":2}},"categories":[733,818],"tags":[831,874],"class_list":["post-10882","post","type-post","status-publish","format-standard","has-post-thumbnail","hentry","category-originales-de-netflix","category-reality","tag-estilo-de-vida","tag-reality-shows-sobre-competiciones"],"jetpack_publicize_connections":[],"jetpack_featured_media_url":"https:\/\/www.macquero.com\/wp-content\/uploads\/2020\/08\/www.macquero.com-estreno-a-cantar-alemania-sing-on-germany-pal.jpg","jetpack_sharing_enabled":true,"_links":{"self":[{"href":"https:\/\/www.macquero.com\/en\/wp-json\/wp\/v2\/posts\/10882","targetHints":{"allow":["GET"]}}],"collection":[{"href":"https:\/\/www.macquero.com\/en\/wp-json\/wp\/v2\/posts"}],"about":[{"href":"https:\/\/www.macquero.com\/en\/wp-json\/wp\/v2\/types\/post"}],"author":[{"embeddable":true,"href":"https:\/\/www.macquero.com\/en\/wp-json\/wp\/v2\/users\/2"}],"replies":[{"embeddable":true,"href":"https:\/\/www.macquero.com\/en\/wp-json\/wp\/v2\/comments?post=10882"}],"version-history":[{"count":5,"href":"https:\/\/www.macquero.com\/en\/wp-json\/wp\/v2\/posts\/10882\/revisions"}],"predecessor-version":[{"id":15218,"href":"https:\/\/www.macquero.com\/en\/wp-json\/wp\/v2\/posts\/10882\/revisions\/15218"}],"wp:featuredmedia":[{"embeddable":true,"href":"https:\/\/www.macquero.com\/en\/wp-json\/wp\/v2\/media\/10884"}],"wp:attachment":[{"href":"https:\/\/www.macquero.com\/en\/wp-json\/wp\/v2\/media?parent=10882"}],"wp:term":[{"taxonomy":"category","embeddable":true,"href":"https:\/\/www.macquero.com\/en\/wp-json\/wp\/v2\/categories?post=10882"},{"taxonomy":"post_tag","embeddable":true,"href":"https:\/\/www.macquero.com\/en\/wp-json\/wp\/v2\/tags?post=10882"}],"curies":[{"name":"wp","href":"https:\/\/api.w.org\/{rel}","templated":true}]}}