{"id":10850,"date":"2020-08-04T04:54:44","date_gmt":"2020-08-04T09:54:44","guid":{"rendered":"http:\/\/www.macquero.com\/?p=10850"},"modified":"2021-10-26T23:42:59","modified_gmt":"2021-10-27T04:42:59","slug":"opinion-como-caido-del-cielo","status":"publish","type":"post","link":"https:\/\/www.macquero.com\/en\/2020\/08\/opinion-como-caido-del-cielo\/","title":{"rendered":"C\u00f3mo ca\u00eddo del cielo."},"content":{"rendered":"<p>Puntuaci\u00f3n: &#x2b50;&#x2b50;&#x2b50;&#x2b50;&#x2b50;<\/p>\n\n\n\n<p>Sigo recomendando buenas opciones para disfrutar con sello mexicano.<\/p>\n\n\n\n<h3 class=\"wp-block-heading\">Sipnosis<\/h3>\n\n\n\n<p>La leyenda mexicana <strong>Pedro Infante<\/strong> recibe otra oportunidad para redimirse por ser tan mujeriego y poder entrar al cielo.<\/p>\n\n\n\n<h3 class=\"wp-block-heading\">Valoraci\u00f3n<\/h3>\n\n\n\n<p>Pel\u00edcula inspirada en la m\u00fasica y vida del \u00eddolo de M\u00e9xico, <strong>Pedro Infante<\/strong>. Dirigida por Pepe Boj\u00f3rquez (\u201c<strong>M\u00e1s sabe el diablo por viejo<\/strong>\u201d) y protagonizada por el gran actor <strong>Omar Chaparro<\/strong> (<strong><a rel=\"noreferrer noopener\" aria-label=\"No manches Frida (opens in a new tab)\" href=\"\/en\/2020\/08\/estreno-no-manches-frida\/\" target=\"_blank\">No manches Frida<\/a><\/strong>), la cinta es un tributo a uno de los \u00edconos m\u00e1s emblem\u00e1ticos de M\u00e9xico.<\/p>\n\n\n\n<p>La ficci\u00f3n fue producida por <strong>Carolyn Caldera De Fanti<\/strong>, quien se\u00f1al\u00f3 que: \u201cComo ca\u00eddo del cielo\u201d es \u201cun homenaje tierno y divertido que sigue a nuestro querido \u00edcono, mientras busca la redenci\u00f3n y el amor en la pantalla\u201d. <\/p>\n\n\n\n<h3 class=\"wp-block-heading\">Cr\u00edtica especializada<\/h3>\n\n\n\n<p>Sobre c\u00f3mo fue recibida la cinta, en el sitio&nbsp;<strong>IMDB<\/strong>&nbsp;(Internet Movie Data Base), especializado en recopilar datos de pel\u00edculas, series y programas de televisi\u00f3n, la calificaci\u00f3n general que obtuvo fue de 5,9 puntos sobre 10.<\/p>\n\n\n\n<p>Algunos portales mexicanos recogieron la evaluaci\u00f3n de los cr\u00edticos,  se\u00f1alando que la cinta no hab\u00eda conseguido hacer un verdadero homenaje al \u00cddolo de M\u00e9xico.<\/p>\n\n\n\n<p>Sin embargo en mi humilde opini\u00f3n: recoge toda la emotividad de cada uno de los versos de todas sus canciones, (de manera tal que si mi madre, -que en paz descanse-, estuviera con vida habr\u00eda disfrutado una vez m\u00e1s de su gran voz). <\/p>\n\n\n\n<blockquote class=\"wp-block-quote is-layout-flow wp-block-quote-is-layout-flow\"><p>No, nac\u00ed en M\u00e9xico, no soy experto para est\u00e1 calificaci\u00f3n. Pero, en lo personal la pel\u00edcula me encant\u00f3 y me lleg\u00f3 al coraz\u00f3n. &#x2764;&#xfe0f;&#xfe0f;<\/p><\/blockquote>\n\n\n\n<hr class=\"wp-block-separator\"\/>\n\n\n\n<p>Adem\u00e1s, yo disfrut\u00e9 un mont\u00f3n del reparto con las estrellas: <strong><a rel=\"noreferrer noopener\" aria-label=\"Ana Claudia Talanc\u00f3n (opens in a new tab)\" href=\"https:\/\/www.instagram.com\/latalancon\/\" target=\"_blank\">Ana Claudia Talanc\u00f3n<\/a><\/strong> (Raquel), <a rel=\"noreferrer noopener\" aria-label=\"Stephanie Cayo (opens in a new tab)\" href=\"https:\/\/www.instagram.com\/unlunar\/\" target=\"_blank\"><strong>Stephanie Cayo<\/strong><\/a> (Samantha) y <strong><a rel=\"noreferrer noopener\" aria-label=\"Yare Santana (opens in a new tab)\" href=\"https:\/\/www.instagram.com\/yare_santana_\/\" target=\"_blank\">Yare Santana<\/a><\/strong> (Jenny). <\/p>\n\n\n\n<p>Adem\u00e1s del c\u00e9lebre <a rel=\"noreferrer noopener\" aria-label=\"Omar Chaparro (opens in a new tab)\" href=\"https:\/\/www.instagram.com\/omarchaparro\/\" target=\"_blank\"><strong>Omar Chaparro<\/strong><\/a> en el papel de (<strong>Pedro Infante<\/strong>), en una interpretaci\u00f3n llena de emotividad y frescura.  <\/p>\n\n\n\n<p>Un regalo visual que llega a trav\u00e9s de mis sentidos gracias a la plataforma de Netflix. -Gracias. <\/p>","protected":false},"excerpt":{"rendered":"<p>Puntuaci\u00f3n: &#x2b50;&#x2b50;&#x2b50;&#x2b50;&#x2b50; Sigo recomendando buenas opciones para disfrutar con sello mexicano. Sipnosis La leyenda mexicana Pedro Infante recibe otra oportunidad para redimirse por ser tan mujeriego y poder entrar al cielo. Valoraci\u00f3n Pel\u00edcula inspirada en la m\u00fasica y vida del \u00eddolo de M\u00e9xico, Pedro Infante. Dirigida por Pepe Boj\u00f3rquez (\u201cM\u00e1s sabe el diablo por viejo\u201d) &hellip;<\/p>","protected":false},"author":2,"featured_media":10853,"comment_status":"closed","ping_status":"closed","sticky":false,"template":"","format":"standard","meta":{"jetpack_post_was_ever_published":false,"_jetpack_newsletter_access":"","_jetpack_dont_email_post_to_subs":false,"_jetpack_newsletter_tier_id":0,"_jetpack_memberships_contains_paywalled_content":false,"_jetpack_memberships_contains_paid_content":false,"footnotes":"","jetpack_publicize_message":"","jetpack_publicize_feature_enabled":true,"jetpack_social_post_already_shared":true,"jetpack_social_options":{"image_generator_settings":{"template":"highway","default_image_id":0,"font":"","enabled":false},"version":2}},"categories":[733,766],"tags":[683,303,821,378],"class_list":["post-10850","post","type-post","status-publish","format-standard","has-post-thumbnail","hentry","category-originales-de-netflix","category-cine-netflix","tag-comedia","tag-drama","tag-musical","tag-romance"],"jetpack_publicize_connections":[],"jetpack_featured_media_url":"https:\/\/www.macquero.com\/wp-content\/uploads\/2020\/08\/www.macquero.com-opinion-como-caido-del-cielo-cai.jpg","jetpack_sharing_enabled":true,"_links":{"self":[{"href":"https:\/\/www.macquero.com\/en\/wp-json\/wp\/v2\/posts\/10850","targetHints":{"allow":["GET"]}}],"collection":[{"href":"https:\/\/www.macquero.com\/en\/wp-json\/wp\/v2\/posts"}],"about":[{"href":"https:\/\/www.macquero.com\/en\/wp-json\/wp\/v2\/types\/post"}],"author":[{"embeddable":true,"href":"https:\/\/www.macquero.com\/en\/wp-json\/wp\/v2\/users\/2"}],"replies":[{"embeddable":true,"href":"https:\/\/www.macquero.com\/en\/wp-json\/wp\/v2\/comments?post=10850"}],"version-history":[{"count":4,"href":"https:\/\/www.macquero.com\/en\/wp-json\/wp\/v2\/posts\/10850\/revisions"}],"predecessor-version":[{"id":14954,"href":"https:\/\/www.macquero.com\/en\/wp-json\/wp\/v2\/posts\/10850\/revisions\/14954"}],"wp:featuredmedia":[{"embeddable":true,"href":"https:\/\/www.macquero.com\/en\/wp-json\/wp\/v2\/media\/10853"}],"wp:attachment":[{"href":"https:\/\/www.macquero.com\/en\/wp-json\/wp\/v2\/media?parent=10850"}],"wp:term":[{"taxonomy":"category","embeddable":true,"href":"https:\/\/www.macquero.com\/en\/wp-json\/wp\/v2\/categories?post=10850"},{"taxonomy":"post_tag","embeddable":true,"href":"https:\/\/www.macquero.com\/en\/wp-json\/wp\/v2\/tags?post=10850"}],"curies":[{"name":"wp","href":"https:\/\/api.w.org\/{rel}","templated":true}]}}