{"id":10690,"date":"2020-07-20T06:56:20","date_gmt":"2020-07-20T11:56:20","guid":{"rendered":"http:\/\/www.macquero.com\/?p=10690"},"modified":"2020-07-20T06:57:50","modified_gmt":"2020-07-20T11:57:50","slug":"por-si-estabas-al-pendiente-hoy-se-estrena-la-2da-parte-de-el-universo-en-expansion-de-ashley-garcia","status":"publish","type":"post","link":"https:\/\/www.macquero.com\/en\/2020\/07\/por-si-estabas-al-pendiente-hoy-se-estrena-la-2da-parte-de-el-universo-en-expansion-de-ashley-garcia\/","title":{"rendered":"Por si estabas al pendiente. Hoy se estrena la 2da parte de El Universo en Expansi\u00f3n de Ashley Garc\u00eda."},"content":{"rendered":"<p>Ya est\u00e1n aqu\u00ed 6 nuevos episodios de 31min c\/u de ellos aproximadamente para alegrar nuestro d\u00eda. <\/p>\n\n\n\n<figure class=\"wp-block-embed-youtube wp-block-embed is-type-video is-provider-youtube wp-embed-aspect-16-9 wp-has-aspect-ratio\"><div class=\"wp-block-embed__wrapper\">\n<span class=\"embed-youtube\" style=\"text-align:center; display: block;\"><iframe loading=\"lazy\" class=\"youtube-player\" width=\"640\" height=\"360\" src=\"https:\/\/www.youtube.com\/embed\/brHV281HyTI?version=3&#038;rel=1&#038;showsearch=0&#038;showinfo=1&#038;iv_load_policy=1&#038;fs=1&#038;hl=en-US&#038;autohide=2&#038;wmode=transparent\" allowfullscreen=\"true\" style=\"border:0;\" sandbox=\"allow-scripts allow-same-origin allow-popups allow-presentation allow-popups-to-escape-sandbox\"><\/iframe><\/span>\n<\/div><figcaption><strong>Tr\u00e1iler<\/strong><\/figcaption><\/figure>\n\n\n\n<p>Una refrescante y <strong><a href=\"\/en\/2020\/02\/breve-valoracion-el-universo-en-expansion-de-ashley-garcia\/\">divertida opci\u00f3n<\/a><\/strong> para comenzar la semana.<\/p>","protected":false},"excerpt":{"rendered":"<p>Ya est\u00e1n aqu\u00ed 6 nuevos episodios de 31min c\/u de ellos aproximadamente para alegrar nuestro d\u00eda. Tr\u00e1iler Una refrescante y divertida opci\u00f3n para comenzar la semana.<\/p>","protected":false},"author":2,"featured_media":10692,"comment_status":"closed","ping_status":"closed","sticky":false,"template":"","format":"standard","meta":{"jetpack_post_was_ever_published":false,"_jetpack_newsletter_access":"","_jetpack_dont_email_post_to_subs":false,"_jetpack_newsletter_tier_id":0,"_jetpack_memberships_contains_paywalled_content":false,"_jetpack_memberships_contains_paid_content":false,"footnotes":"","jetpack_publicize_message":"","jetpack_publicize_feature_enabled":true,"jetpack_social_post_already_shared":true,"jetpack_social_options":{"image_generator_settings":{"template":"highway","default_image_id":0,"font":"","enabled":false},"version":2}},"categories":[872,731,733,732],"tags":[453,794],"class_list":["post-10690","post","type-post","status-publish","format-standard","has-post-thumbnail","hentry","category-calendario-netflix","category-estrenos-y-lanzamientos","category-originales-de-netflix","category-series","tag-para-toda-la-familia","tag-sitcom"],"jetpack_publicize_connections":[],"jetpack_featured_media_url":"https:\/\/www.macquero.com\/wp-content\/uploads\/2020\/07\/www.macquero.com-por-si-estabas-al-pendiente-hoy-se-estrena-la-2da-parte-de-el-universo-en-expansion-de-ashley-garcia-uni.jpg","jetpack_sharing_enabled":true,"_links":{"self":[{"href":"https:\/\/www.macquero.com\/en\/wp-json\/wp\/v2\/posts\/10690","targetHints":{"allow":["GET"]}}],"collection":[{"href":"https:\/\/www.macquero.com\/en\/wp-json\/wp\/v2\/posts"}],"about":[{"href":"https:\/\/www.macquero.com\/en\/wp-json\/wp\/v2\/types\/post"}],"author":[{"embeddable":true,"href":"https:\/\/www.macquero.com\/en\/wp-json\/wp\/v2\/users\/2"}],"replies":[{"embeddable":true,"href":"https:\/\/www.macquero.com\/en\/wp-json\/wp\/v2\/comments?post=10690"}],"version-history":[{"count":2,"href":"https:\/\/www.macquero.com\/en\/wp-json\/wp\/v2\/posts\/10690\/revisions"}],"predecessor-version":[{"id":10694,"href":"https:\/\/www.macquero.com\/en\/wp-json\/wp\/v2\/posts\/10690\/revisions\/10694"}],"wp:featuredmedia":[{"embeddable":true,"href":"https:\/\/www.macquero.com\/en\/wp-json\/wp\/v2\/media\/10692"}],"wp:attachment":[{"href":"https:\/\/www.macquero.com\/en\/wp-json\/wp\/v2\/media?parent=10690"}],"wp:term":[{"taxonomy":"category","embeddable":true,"href":"https:\/\/www.macquero.com\/en\/wp-json\/wp\/v2\/categories?post=10690"},{"taxonomy":"post_tag","embeddable":true,"href":"https:\/\/www.macquero.com\/en\/wp-json\/wp\/v2\/tags?post=10690"}],"curies":[{"name":"wp","href":"https:\/\/api.w.org\/{rel}","templated":true}]}}