{"id":10613,"date":"2020-07-14T08:25:24","date_gmt":"2020-07-14T13:25:24","guid":{"rendered":"http:\/\/www.macquero.com\/?p=10613"},"modified":"2021-10-25T22:48:36","modified_gmt":"2021-10-26T03:48:36","slug":"opinion-la-cueva-the-cave","status":"publish","type":"post","link":"https:\/\/www.macquero.com\/en\/2020\/07\/opinion-la-cueva-the-cave\/","title":{"rendered":"La Cueva. &#8211; The Cave."},"content":{"rendered":"<p>Puntuaci\u00f3n: &#x2b50;&#x2b50;<\/p>\n\n\n\n<p>Hoy me encontr\u00e9 con est\u00e9 t\u00edtulo que bien podr\u00eda estar en la categor\u00eda de horror, pero funciona mejor para ciencia ficci\u00f3n.<\/p>\n\n\n\n<h3 class=\"wp-block-heading\">Sipnosis<\/h3>\n\n\n\n<p>En las profundidades de un bosque de Rumania, un equipo de cient\u00edficos se tropieza con las ruinas de una abad\u00eda del siglo XIII. Al realizar un reconocimiento m\u00e1s minucioso, hacen un descubrimiento inesperado: la abad\u00eda est\u00e1 construida sobre la entrada de un enorme sistema de cavernas subterr\u00e1neas. <\/p>\n\n\n\n<p>Unos exploradores norteamericanos las investigan, sin saber que est\u00e1n pobladas por monstruos sanguinarios.<\/p>\n\n\n\n<h3 class=\"wp-block-heading\">Valoraci\u00f3n<\/h3>\n\n\n\n<p>Una pel\u00edcula m\u00e1s del g\u00e9nero horror, por si quieres ver algo de corte inusual, de entrada todo luce emocionante, pero, despu\u00e9s se vuelve algo predecible. <\/p>\n\n\n\n<p>Se puede ver. Sino hay mejores opciones.<\/p>","protected":false},"excerpt":{"rendered":"<p>Puntuaci\u00f3n: &#x2b50;&#x2b50; Hoy me encontr\u00e9 con est\u00e9 t\u00edtulo que bien podr\u00eda estar en la categor\u00eda de horror, pero funciona mejor para ciencia ficci\u00f3n. Sipnosis En las profundidades de un bosque de Rumania, un equipo de cient\u00edficos se tropieza con las ruinas de una abad\u00eda del siglo XIII. Al realizar un reconocimiento m\u00e1s minucioso, hacen un &hellip;<\/p>","protected":false},"author":2,"featured_media":10615,"comment_status":"closed","ping_status":"closed","sticky":false,"template":"","format":"standard","meta":{"jetpack_post_was_ever_published":false,"_jetpack_newsletter_access":"","_jetpack_dont_email_post_to_subs":false,"_jetpack_newsletter_tier_id":0,"_jetpack_memberships_contains_paywalled_content":false,"_jetpack_memberships_contains_paid_content":false,"footnotes":"","jetpack_publicize_message":"","jetpack_publicize_feature_enabled":true,"jetpack_social_post_already_shared":true,"jetpack_social_options":{"image_generator_settings":{"template":"highway","default_image_id":0,"font":"","enabled":false},"version":2}},"categories":[766],"tags":[856,403],"class_list":["post-10613","post","type-post","status-publish","format-standard","has-post-thumbnail","hentry","category-cine-netflix","tag-ciencia-ficcion-y-fantasia","tag-terror"],"jetpack_publicize_connections":[],"jetpack_featured_media_url":"https:\/\/www.macquero.com\/wp-content\/uploads\/2020\/07\/www.macquero.com-opinion-la-cueva-the-cave-cue.jpg","jetpack_sharing_enabled":true,"_links":{"self":[{"href":"https:\/\/www.macquero.com\/en\/wp-json\/wp\/v2\/posts\/10613","targetHints":{"allow":["GET"]}}],"collection":[{"href":"https:\/\/www.macquero.com\/en\/wp-json\/wp\/v2\/posts"}],"about":[{"href":"https:\/\/www.macquero.com\/en\/wp-json\/wp\/v2\/types\/post"}],"author":[{"embeddable":true,"href":"https:\/\/www.macquero.com\/en\/wp-json\/wp\/v2\/users\/2"}],"replies":[{"embeddable":true,"href":"https:\/\/www.macquero.com\/en\/wp-json\/wp\/v2\/comments?post=10613"}],"version-history":[{"count":3,"href":"https:\/\/www.macquero.com\/en\/wp-json\/wp\/v2\/posts\/10613\/revisions"}],"predecessor-version":[{"id":14810,"href":"https:\/\/www.macquero.com\/en\/wp-json\/wp\/v2\/posts\/10613\/revisions\/14810"}],"wp:featuredmedia":[{"embeddable":true,"href":"https:\/\/www.macquero.com\/en\/wp-json\/wp\/v2\/media\/10615"}],"wp:attachment":[{"href":"https:\/\/www.macquero.com\/en\/wp-json\/wp\/v2\/media?parent=10613"}],"wp:term":[{"taxonomy":"category","embeddable":true,"href":"https:\/\/www.macquero.com\/en\/wp-json\/wp\/v2\/categories?post=10613"},{"taxonomy":"post_tag","embeddable":true,"href":"https:\/\/www.macquero.com\/en\/wp-json\/wp\/v2\/tags?post=10613"}],"curies":[{"name":"wp","href":"https:\/\/api.w.org\/{rel}","templated":true}]}}