{"id":10580,"date":"2020-07-09T10:55:00","date_gmt":"2020-07-09T15:55:00","guid":{"rendered":"http:\/\/www.macquero.com\/?p=10580"},"modified":"2021-10-25T23:39:34","modified_gmt":"2021-10-26T04:39:34","slug":"estreno-mucho-mucho-amor-la-leyenda-de-walter-mercado","status":"publish","type":"post","link":"https:\/\/www.macquero.com\/en\/2020\/07\/estreno-mucho-mucho-amor-la-leyenda-de-walter-mercado\/","title":{"rendered":"Mucho, mucho amor: La leyenda de Walter Mercado."},"content":{"rendered":"<p>Puntuaci\u00f3n: &#x2b50;&#x2b50;<\/p>\n\n\n\n<p>Walter Mercado, quien falleci\u00f3 en\u00a0noviembre de 2019 a los 88 a\u00f1os, es el eje sobre el que gira\u00a0Mucho, Mucho Amor: La leyenda de Walter Mercado. <\/p>\n\n\n\n<p>Un emotivo documental dirigido por Cristina Costantini y Kareem Tabsch el cu\u00e1l lleg\u00f3 a la plataforma el d\u00eda de ayer 8 de julio en Netflix.<\/p>\n\n\n\n<p>El programa&nbsp;hace un recuento emotivo \u2013y muy detallado\u2013 de la vida de Mercado, desde su infancia en Ponce, Puerto Rico, hasta pr\u00e1cticamente el final de su vida.&nbsp;&nbsp;<\/p>","protected":false},"excerpt":{"rendered":"<p>Puntuaci\u00f3n: &#x2b50;&#x2b50; Walter Mercado, quien falleci\u00f3 en\u00a0noviembre de 2019 a los 88 a\u00f1os, es el eje sobre el que gira\u00a0Mucho, Mucho Amor: La leyenda de Walter Mercado. Un emotivo documental dirigido por Cristina Costantini y Kareem Tabsch el cu\u00e1l lleg\u00f3 a la plataforma el d\u00eda de ayer 8 de julio en Netflix. El programa&nbsp;hace un &hellip;<\/p>","protected":false},"author":2,"featured_media":10583,"comment_status":"closed","ping_status":"closed","sticky":false,"template":"","format":"standard","meta":{"jetpack_post_was_ever_published":false,"_jetpack_newsletter_access":"","_jetpack_dont_email_post_to_subs":false,"_jetpack_newsletter_tier_id":0,"_jetpack_memberships_contains_paywalled_content":false,"_jetpack_memberships_contains_paid_content":false,"footnotes":"","jetpack_publicize_message":"","jetpack_publicize_feature_enabled":true,"jetpack_social_post_already_shared":true,"jetpack_social_options":{"image_generator_settings":{"template":"highway","default_image_id":0,"font":"","enabled":false},"version":2}},"categories":[734,733],"tags":[775],"class_list":["post-10580","post","type-post","status-publish","format-standard","has-post-thumbnail","hentry","category-documentales","category-originales-de-netflix","tag-emotivo"],"jetpack_publicize_connections":[],"jetpack_featured_media_url":"https:\/\/www.macquero.com\/wp-content\/uploads\/2020\/07\/www.macquero.com-estreno-mucho-mucho-amor-la-leyenda-de-walter-mercado-wal.jpg","jetpack_sharing_enabled":true,"_links":{"self":[{"href":"https:\/\/www.macquero.com\/en\/wp-json\/wp\/v2\/posts\/10580","targetHints":{"allow":["GET"]}}],"collection":[{"href":"https:\/\/www.macquero.com\/en\/wp-json\/wp\/v2\/posts"}],"about":[{"href":"https:\/\/www.macquero.com\/en\/wp-json\/wp\/v2\/types\/post"}],"author":[{"embeddable":true,"href":"https:\/\/www.macquero.com\/en\/wp-json\/wp\/v2\/users\/2"}],"replies":[{"embeddable":true,"href":"https:\/\/www.macquero.com\/en\/wp-json\/wp\/v2\/comments?post=10580"}],"version-history":[{"count":3,"href":"https:\/\/www.macquero.com\/en\/wp-json\/wp\/v2\/posts\/10580\/revisions"}],"predecessor-version":[{"id":14849,"href":"https:\/\/www.macquero.com\/en\/wp-json\/wp\/v2\/posts\/10580\/revisions\/14849"}],"wp:featuredmedia":[{"embeddable":true,"href":"https:\/\/www.macquero.com\/en\/wp-json\/wp\/v2\/media\/10583"}],"wp:attachment":[{"href":"https:\/\/www.macquero.com\/en\/wp-json\/wp\/v2\/media?parent=10580"}],"wp:term":[{"taxonomy":"category","embeddable":true,"href":"https:\/\/www.macquero.com\/en\/wp-json\/wp\/v2\/categories?post=10580"},{"taxonomy":"post_tag","embeddable":true,"href":"https:\/\/www.macquero.com\/en\/wp-json\/wp\/v2\/tags?post=10580"}],"curies":[{"name":"wp","href":"https:\/\/api.w.org\/{rel}","templated":true}]}}